{"id":943,"date":"2023-10-11T16:50:38","date_gmt":"2023-10-11T14:50:38","guid":{"rendered":"http:\/\/fundacjapolna.org\/?p=943"},"modified":"2024-05-22T16:08:07","modified_gmt":"2024-05-22T14:08:07","slug":"elementor-943","status":"publish","type":"post","link":"https:\/\/fundacjapolna.org\/index.php\/2023\/10\/11\/elementor-943\/","title":{"rendered":"Zako\u0144czyli\u015bmy cykl warsztat\u00f3w \u015bpiewaczych"},"content":{"rendered":"<p>Zako\u0144czyli\u015bmy cykl warsztat\u00f3w \u015bpiewaczych w ramach projektu \u201eEcha Karpat. Szlakiem Pie\u015bni Kultury Wo\u0142oskiej.\u201d Grupa Rozg\u0142os ws\u0142uchiwa\u0142a si\u0119 w archaiczne nagrania \u015bpiewak\u00f3w i \u015bpiewaczek z regionu Karpat: G\u00f3rali \u017bywieckich, Podhala\u0144skich, S\u0105deckich, Lach\u00f3w, \u0141emk\u00f3w i Bojk\u00f3w. Uczestnicy warsztat\u00f3w \u0107wiczyli tradycyjn\u0105 emisj\u0119 g\u0142osu, charakterystyczne ozdobniki, a tak\u017ce dowiadywali si\u0119 na temat tradycyjnych kontekst\u00f3w funkcjonowania pie\u015bni. By\u0142a to wielowymiarowa podr\u00f3\u017c do korzeni. Warsztaty wzmocni\u0142y kompetencje \u015bpiewacze cz\u0142onk\u00f3w Rozg\u0142osu, wzbogaci\u0142y ich wiedz\u0119 o regionie, tradycjach, muzyce tradycyjnej. Zaj\u0119cia prowadzi\u0142a Anna Gurdak.<\/p>\n<style>\/*! elementor - v3.16.0 - 09-10-2023 *\/<br \/>\n.elementor-image-gallery .gallery-item{display:inline-block;text-align:center;vertical-align:top;width:100%;max-width:100%;margin:0 auto}.elementor-image-gallery .gallery-item img{margin:0 auto}.elementor-image-gallery .gallery-item .gallery-caption{margin:0}.elementor-image-gallery figure img{display:block}.elementor-image-gallery figure figcaption{width:100%}.gallery-spacing-custom .elementor-image-gallery .gallery-icon{padding:0}@media (min-width:768px){.elementor-image-gallery .gallery-columns-2 .gallery-item{max-width:50%}.elementor-image-gallery .gallery-columns-3 .gallery-item{max-width:33.33%}.elementor-image-gallery .gallery-columns-4 .gallery-item{max-width:25%}.elementor-image-gallery .gallery-columns-5 .gallery-item{max-width:20%}.elementor-image-gallery .gallery-columns-6 .gallery-item{max-width:16.666%}.elementor-image-gallery .gallery-columns-7 .gallery-item{max-width:14.28%}.elementor-image-gallery .gallery-columns-8 .gallery-item{max-width:12.5%}.elementor-image-gallery .gallery-columns-9 .gallery-item{max-width:11.11%}.elementor-image-gallery .gallery-columns-10 .gallery-item{max-width:10%}}@media (min-width:480px) and (max-width:767px){.elementor-image-gallery .gallery.gallery-columns-2 .gallery-item,.elementor-image-gallery .gallery.gallery-columns-3 .gallery-item,.elementor-image-gallery .gallery.gallery-columns-4 .gallery-item,.elementor-image-gallery .gallery.gallery-columns-5 .gallery-item,.elementor-image-gallery .gallery.gallery-columns-6 .gallery-item,.elementor-image-gallery .gallery.gallery-columns-7 .gallery-item,.elementor-image-gallery .gallery.gallery-columns-8 .gallery-item,.elementor-image-gallery .gallery.gallery-columns-9 .gallery-item,.elementor-image-gallery .gallery.gallery-columns-10 .gallery-item{max-width:50%}}@media (max-width:479px){.elementor-image-gallery .gallery.gallery-columns-2 .gallery-item,.elementor-image-gallery .gallery.gallery-columns-3 .gallery-item,.elementor-image-gallery .gallery.gallery-columns-4 .gallery-item,.elementor-image-gallery .gallery.gallery-columns-5 .gallery-item,.elementor-image-gallery .gallery.gallery-columns-6 .gallery-item,.elementor-image-gallery .gallery.gallery-columns-7 .gallery-item,.elementor-image-gallery .gallery.gallery-columns-8 .gallery-item,.elementor-image-gallery .gallery.gallery-columns-9 .gallery-item,.elementor-image-gallery .gallery.gallery-columns-10 .gallery-item{max-width:100%}}<\/style>\n<figure class='gallery-item'>\n\t\t\t\t<a data-elementor-open-lightbox=\"yes\" data-elementor-lightbox-slideshow=\"af59daa\" data-elementor-lightbox-title=\"IMG_0054\" data-e-action-hash=\"#elementor-action%3Aaction%3Dlightbox%26settings%3DeyJpZCI6OTUwLCJ1cmwiOiJodHRwOlwvXC9mdW5kYWNqYXBvbG5hLm9yZ1wvd3AtY29udGVudFwvdXBsb2Fkc1wvMjAyM1wvMTBcL0lNR18wMDU0LmpwZWciLCJzbGlkZXNob3ciOiJhZjU5ZGFhIn0%3D\" href='http:\/\/fundacjapolna.org\/wp-content\/uploads\/2023\/10\/IMG_0054.jpeg'><img loading=\"lazy\" width=\"150\" height=\"150\" src=\"http:\/\/fundacjapolna.org\/wp-content\/uploads\/2023\/10\/IMG_0054-150x150.jpeg\" alt=\"\" decoding=\"async\" loading=\"lazy\" srcset=\"http:\/\/fundacjapolna.org\/wp-content\/uploads\/2023\/10\/IMG_0054-150x150.jpeg 150w, http:\/\/fundacjapolna.org\/wp-content\/uploads\/2023\/10\/IMG_0054-300x300.jpeg 300w\" sizes=\"auto, (max-width: 150px) 100vw, 150px\" \/><\/a><\/figure>\n<figure class='gallery-item'>\n\t\t\t\t<a data-elementor-open-lightbox=\"yes\" data-elementor-lightbox-slideshow=\"af59daa\" data-elementor-lightbox-title=\"IMG_0075\" data-e-action-hash=\"#elementor-action%3Aaction%3Dlightbox%26settings%3DeyJpZCI6OTUxLCJ1cmwiOiJodHRwOlwvXC9mdW5kYWNqYXBvbG5hLm9yZ1wvd3AtY29udGVudFwvdXBsb2Fkc1wvMjAyM1wvMTBcL0lNR18wMDc1LmpwZWciLCJzbGlkZXNob3ciOiJhZjU5ZGFhIn0%3D\" href='http:\/\/fundacjapolna.org\/wp-content\/uploads\/2023\/10\/IMG_0075.jpeg'><img loading=\"lazy\" width=\"150\" height=\"150\" src=\"http:\/\/fundacjapolna.org\/wp-content\/uploads\/2023\/10\/IMG_0075-150x150.jpeg\" alt=\"\" decoding=\"async\" loading=\"lazy\" srcset=\"http:\/\/fundacjapolna.org\/wp-content\/uploads\/2023\/10\/IMG_0075-150x150.jpeg 150w, http:\/\/fundacjapolna.org\/wp-content\/uploads\/2023\/10\/IMG_0075-300x300.jpeg 300w\" sizes=\"auto, (max-width: 150px) 100vw, 150px\" \/><\/a><\/figure>\n<figure class='gallery-item'>\n\t\t\t\t<a data-elementor-open-lightbox=\"yes\" data-elementor-lightbox-slideshow=\"af59daa\" data-elementor-lightbox-title=\"IMG_0156\" data-e-action-hash=\"#elementor-action%3Aaction%3Dlightbox%26settings%3DeyJpZCI6OTUyLCJ1cmwiOiJodHRwOlwvXC9mdW5kYWNqYXBvbG5hLm9yZ1wvd3AtY29udGVudFwvdXBsb2Fkc1wvMjAyM1wvMTBcL0lNR18wMTU2LmpwZWciLCJzbGlkZXNob3ciOiJhZjU5ZGFhIn0%3D\" href='http:\/\/fundacjapolna.org\/wp-content\/uploads\/2023\/10\/IMG_0156.jpeg'><img loading=\"lazy\" width=\"150\" height=\"150\" src=\"http:\/\/fundacjapolna.org\/wp-content\/uploads\/2023\/10\/IMG_0156-150x150.jpeg\" alt=\"\" decoding=\"async\" loading=\"lazy\" srcset=\"http:\/\/fundacjapolna.org\/wp-content\/uploads\/2023\/10\/IMG_0156-150x150.jpeg 150w, http:\/\/fundacjapolna.org\/wp-content\/uploads\/2023\/10\/IMG_0156-300x300.jpeg 300w\" sizes=\"auto, (max-width: 150px) 100vw, 150px\" \/><\/a><\/figure>\n<figure class='gallery-item'>\n\t\t\t\t<a data-elementor-open-lightbox=\"yes\" data-elementor-lightbox-slideshow=\"af59daa\" data-elementor-lightbox-title=\"IMG_0229\" data-e-action-hash=\"#elementor-action%3Aaction%3Dlightbox%26settings%3DeyJpZCI6OTUzLCJ1cmwiOiJodHRwOlwvXC9mdW5kYWNqYXBvbG5hLm9yZ1wvd3AtY29udGVudFwvdXBsb2Fkc1wvMjAyM1wvMTBcL0lNR18wMjI5LmpwZWciLCJzbGlkZXNob3ciOiJhZjU5ZGFhIn0%3D\" href='http:\/\/fundacjapolna.org\/wp-content\/uploads\/2023\/10\/IMG_0229.jpeg'><img loading=\"lazy\" width=\"150\" height=\"150\" src=\"http:\/\/fundacjapolna.org\/wp-content\/uploads\/2023\/10\/IMG_0229-150x150.jpeg\" alt=\"\" decoding=\"async\" loading=\"lazy\" srcset=\"http:\/\/fundacjapolna.org\/wp-content\/uploads\/2023\/10\/IMG_0229-150x150.jpeg 150w, http:\/\/fundacjapolna.org\/wp-content\/uploads\/2023\/10\/IMG_0229-300x300.jpeg 300w\" sizes=\"auto, (max-width: 150px) 100vw, 150px\" \/><\/a><\/figure>\n<figure class='gallery-item'>\n\t\t\t\t<a data-elementor-open-lightbox=\"yes\" data-elementor-lightbox-slideshow=\"af59daa\" data-elementor-lightbox-title=\"IMG_0245\" data-e-action-hash=\"#elementor-action%3Aaction%3Dlightbox%26settings%3DeyJpZCI6OTU0LCJ1cmwiOiJodHRwOlwvXC9mdW5kYWNqYXBvbG5hLm9yZ1wvd3AtY29udGVudFwvdXBsb2Fkc1wvMjAyM1wvMTBcL0lNR18wMjQ1LmpwZWciLCJzbGlkZXNob3ciOiJhZjU5ZGFhIn0%3D\" href='http:\/\/fundacjapolna.org\/wp-content\/uploads\/2023\/10\/IMG_0245.jpeg'><img loading=\"lazy\" width=\"150\" height=\"150\" src=\"http:\/\/fundacjapolna.org\/wp-content\/uploads\/2023\/10\/IMG_0245-150x150.jpeg\" alt=\"\" decoding=\"async\" loading=\"lazy\" srcset=\"http:\/\/fundacjapolna.org\/wp-content\/uploads\/2023\/10\/IMG_0245-150x150.jpeg 150w, http:\/\/fundacjapolna.org\/wp-content\/uploads\/2023\/10\/IMG_0245-300x300.jpeg 300w\" sizes=\"auto, (max-width: 150px) 100vw, 150px\" \/><\/a><\/figure>\n<figure class='gallery-item'>\n\t\t\t\t<a data-elementor-open-lightbox=\"yes\" data-elementor-lightbox-slideshow=\"af59daa\" data-elementor-lightbox-title=\"IMG_0279\" data-e-action-hash=\"#elementor-action%3Aaction%3Dlightbox%26settings%3DeyJpZCI6OTU1LCJ1cmwiOiJodHRwOlwvXC9mdW5kYWNqYXBvbG5hLm9yZ1wvd3AtY29udGVudFwvdXBsb2Fkc1wvMjAyM1wvMTBcL0lNR18wMjc5LmpwZWciLCJzbGlkZXNob3ciOiJhZjU5ZGFhIn0%3D\" href='http:\/\/fundacjapolna.org\/wp-content\/uploads\/2023\/10\/IMG_0279.jpeg'><img loading=\"lazy\" width=\"150\" height=\"150\" src=\"http:\/\/fundacjapolna.org\/wp-content\/uploads\/2023\/10\/IMG_0279-150x150.jpeg\" alt=\"\" decoding=\"async\" loading=\"lazy\" srcset=\"http:\/\/fundacjapolna.org\/wp-content\/uploads\/2023\/10\/IMG_0279-150x150.jpeg 150w, http:\/\/fundacjapolna.org\/wp-content\/uploads\/2023\/10\/IMG_0279-300x300.jpeg 300w\" sizes=\"auto, (max-width: 150px) 100vw, 150px\" \/><\/a><\/figure>\n<figure class='gallery-item'>\n\t\t\t\t<a data-elementor-open-lightbox=\"yes\" data-elementor-lightbox-slideshow=\"af59daa\" data-elementor-lightbox-title=\"IMG_0389\" data-e-action-hash=\"#elementor-action%3Aaction%3Dlightbox%26settings%3DeyJpZCI6OTU2LCJ1cmwiOiJodHRwOlwvXC9mdW5kYWNqYXBvbG5hLm9yZ1wvd3AtY29udGVudFwvdXBsb2Fkc1wvMjAyM1wvMTBcL0lNR18wMzg5LmpwZWciLCJzbGlkZXNob3ciOiJhZjU5ZGFhIn0%3D\" href='http:\/\/fundacjapolna.org\/wp-content\/uploads\/2023\/10\/IMG_0389.jpeg'><img loading=\"lazy\" width=\"150\" height=\"150\" src=\"http:\/\/fundacjapolna.org\/wp-content\/uploads\/2023\/10\/IMG_0389-150x150.jpeg\" alt=\"\" decoding=\"async\" loading=\"lazy\" srcset=\"http:\/\/fundacjapolna.org\/wp-content\/uploads\/2023\/10\/IMG_0389-150x150.jpeg 150w, http:\/\/fundacjapolna.org\/wp-content\/uploads\/2023\/10\/IMG_0389-300x300.jpeg 300w\" sizes=\"auto, (max-width: 150px) 100vw, 150px\" \/><\/a><\/figure>\n<figure class='gallery-item'>\n\t\t\t\t<a data-elementor-open-lightbox=\"yes\" data-elementor-lightbox-slideshow=\"af59daa\" data-elementor-lightbox-title=\"IMG_9875\" data-e-action-hash=\"#elementor-action%3Aaction%3Dlightbox%26settings%3DeyJpZCI6OTU3LCJ1cmwiOiJodHRwOlwvXC9mdW5kYWNqYXBvbG5hLm9yZ1wvd3AtY29udGVudFwvdXBsb2Fkc1wvMjAyM1wvMTBcL0lNR185ODc1LmpwZWciLCJzbGlkZXNob3ciOiJhZjU5ZGFhIn0%3D\" href='http:\/\/fundacjapolna.org\/wp-content\/uploads\/2023\/10\/IMG_9875.jpeg'><img loading=\"lazy\" width=\"150\" height=\"150\" src=\"http:\/\/fundacjapolna.org\/wp-content\/uploads\/2023\/10\/IMG_9875-150x150.jpeg\" alt=\"\" decoding=\"async\" loading=\"lazy\" srcset=\"http:\/\/fundacjapolna.org\/wp-content\/uploads\/2023\/10\/IMG_9875-150x150.jpeg 150w, http:\/\/fundacjapolna.org\/wp-content\/uploads\/2023\/10\/IMG_9875-300x300.jpeg 300w\" sizes=\"auto, (max-width: 150px) 100vw, 150px\" \/><\/a><\/figure>\n","protected":false},"excerpt":{"rendered":"<p>Zako\u0144czyli\u015bmy cykl warsztat\u00f3w \u015bpiewaczych w ramach projektu \u201eEcha Karpat. Szlakiem Pie\u015bni Kultury Wo\u0142oskiej.\u201d Grupa Rozg\u0142os ws\u0142uchiwa\u0142a si\u0119 w archaiczne nagrania \u015bpiewak\u00f3w i \u015bpiewaczek z regionu Karpat: G\u00f3rali \u017bywieckich, Podhala\u0144skich, S\u0105deckich, Lach\u00f3w, \u0141emk\u00f3w i Bojk\u00f3w. Uczestnicy warsztat\u00f3w \u0107wiczyli tradycyjn\u0105 emisj\u0119 g\u0142osu, charakterystyczne ozdobniki, a tak\u017ce dowiadywali si\u0119 na temat tradycyjnych kontekst\u00f3w funkcjonowania pie\u015bni. By\u0142a to wielowymiarowa podr\u00f3\u017c do korzeni. Warsztaty wzmocni\u0142y [&hellip;]<\/p>\n","protected":false},"author":1,"featured_media":955,"comment_status":"open","ping_status":"open","sticky":false,"template":"","format":"standard","meta":{"footnotes":""},"categories":[3,6,9],"tags":[],"class_list":["post-943","post","type-post","status-publish","format-standard","has-post-thumbnail","hentry","category-blog","category-karpackie-inicjatywy-lokalne","category-rozglos"],"_links":{"self":[{"href":"https:\/\/fundacjapolna.org\/index.php\/wp-json\/wp\/v2\/posts\/943","targetHints":{"allow":["GET"]}}],"collection":[{"href":"https:\/\/fundacjapolna.org\/index.php\/wp-json\/wp\/v2\/posts"}],"about":[{"href":"https:\/\/fundacjapolna.org\/index.php\/wp-json\/wp\/v2\/types\/post"}],"author":[{"embeddable":true,"href":"https:\/\/fundacjapolna.org\/index.php\/wp-json\/wp\/v2\/users\/1"}],"replies":[{"embeddable":true,"href":"https:\/\/fundacjapolna.org\/index.php\/wp-json\/wp\/v2\/comments?post=943"}],"version-history":[{"count":10,"href":"https:\/\/fundacjapolna.org\/index.php\/wp-json\/wp\/v2\/posts\/943\/revisions"}],"predecessor-version":[{"id":1335,"href":"https:\/\/fundacjapolna.org\/index.php\/wp-json\/wp\/v2\/posts\/943\/revisions\/1335"}],"wp:featuredmedia":[{"embeddable":true,"href":"https:\/\/fundacjapolna.org\/index.php\/wp-json\/wp\/v2\/media\/955"}],"wp:attachment":[{"href":"https:\/\/fundacjapolna.org\/index.php\/wp-json\/wp\/v2\/media?parent=943"}],"wp:term":[{"taxonomy":"category","embeddable":true,"href":"https:\/\/fundacjapolna.org\/index.php\/wp-json\/wp\/v2\/categories?post=943"},{"taxonomy":"post_tag","embeddable":true,"href":"https:\/\/fundacjapolna.org\/index.php\/wp-json\/wp\/v2\/tags?post=943"}],"curies":[{"name":"wp","href":"https:\/\/api.w.org\/{rel}","templated":true}]}}