{"id":909,"date":"2023-07-13T16:08:03","date_gmt":"2023-07-13T14:08:03","guid":{"rendered":"http:\/\/fundacjapolna.org\/?p=909"},"modified":"2023-07-13T16:47:44","modified_gmt":"2023-07-13T14:47:44","slug":"weekendowe-warsztaty-etnomuzykologiczne-z-brygida-sordyl","status":"publish","type":"post","link":"https:\/\/fundacjapolna.org\/index.php\/2023\/07\/13\/weekendowe-warsztaty-etnomuzykologiczne-z-brygida-sordyl\/","title":{"rendered":"Weekendowe warsztaty etnomuzykologiczne z Brygid\u0105 Sordyl"},"content":{"rendered":"\t\t<div data-elementor-type=\"wp-post\" data-elementor-id=\"909\" class=\"elementor elementor-909\">\n\t\t\t\t\t\t<section class=\"elementor-section elementor-top-section elementor-element elementor-element-d695252 elementor-section-boxed elementor-section-height-default elementor-section-height-default\" data-id=\"d695252\" data-element_type=\"section\" data-e-type=\"section\">\n\t\t\t\t\t\t<div class=\"elementor-container elementor-column-gap-default\">\n\t\t\t\t\t<div class=\"elementor-column elementor-col-100 elementor-top-column elementor-element elementor-element-822399e\" data-id=\"822399e\" data-element_type=\"column\" data-e-type=\"column\">\n\t\t\t<div class=\"elementor-widget-wrap elementor-element-populated\">\n\t\t\t\t\t\t<div class=\"elementor-element elementor-element-0ae9eda elementor-widget elementor-widget-text-editor\" data-id=\"0ae9eda\" data-element_type=\"widget\" data-e-type=\"widget\" data-widget_type=\"text-editor.default\">\n\t\t\t\t<div class=\"elementor-widget-container\">\n\t\t\t\t\t\t\t\t\t<p style=\"margin: 0cm 0cm 0.0001pt; font-size: 12pt; font-family: Calibri, sans-serif; color: #000000;\">\u00a0<\/p><p><span style=\"color: #000000; font-family: Calibri, sans-serif; font-size: 12pt; background-color: rgba(255, 255, 255, 0);\">W miniony weekend odby\u0142y si\u0119 trzydniowe warsztaty grupy \u015bpiewaczej Rozg\u0142os z etnomuzykolo\u017ck\u0105- Brygid\u0105 Sordyl. Grupa intensywnie pracowa\u0142a nad warsztatem wokalnym, emisj\u0105 g\u0142osu, uczy\u0142a si\u0119 nowych \u0107wicze\u0144 oddechowych, rytmicznych oraz jak si\u0119 harmonizowa\u0107. Repertuar Rozg\u0142osu powi\u0119kszy\u0142 si\u0119 o kilkana\u015bcie nowych, pi\u0119knych pie\u015bni. Prowadz\u0105ca opowiada\u0142a r\u00f3wnie\u017c o kontekstach \u015bpiewanych na warsztatach pie\u015bni, ich specyfice, realiach \u017cycia na karpackiej wsi\u2026 Dla Rozg\u0142osu by\u0142 to bardzo intensywny, karmi\u0105cy czas. Warsztaty wywar\u0142y na uczestnikach ogromne wra\u017cenie i przyczyni\u0142y si\u0119 do zmiany podej\u015bcia i spojrzenia na wykonywane pie\u015bni, \u015bpiew tradycyjny i sam\u0105 kultur\u0119 tradycyjn\u0105.<\/span><\/p><p>Karpacka inicjatywa lokalna finansowana ze \u015brodk\u00f3w<br \/>Rz\u0105dowego Programu Fundusz Inicjatyw Obywatelskich NOWEFIO na lata 2021\u20132030\u201d za<br \/>po\u015brednictwem Stowarzyszenia \u201ePro Carpathia\u201d<\/p>\t\t\t\t\t\t\t\t<\/div>\n\t\t\t\t<\/div>\n\t\t\t\t\t<\/div>\n\t\t<\/div>\n\t\t\t\t\t<\/div>\n\t\t<\/section>\n\t\t\t\t<section class=\"elementor-section elementor-top-section elementor-element elementor-element-fc11d2b elementor-section-boxed elementor-section-height-default elementor-section-height-default\" data-id=\"fc11d2b\" data-element_type=\"section\" data-e-type=\"section\">\n\t\t\t\t\t\t<div class=\"elementor-container elementor-column-gap-default\">\n\t\t\t\t\t<div class=\"elementor-column elementor-col-100 elementor-top-column elementor-element elementor-element-67cfc5b\" data-id=\"67cfc5b\" data-element_type=\"column\" data-e-type=\"column\">\n\t\t\t<div class=\"elementor-widget-wrap elementor-element-populated\">\n\t\t\t\t\t\t<div class=\"elementor-element elementor-element-f654de1 elementor-widget elementor-widget-image-gallery\" data-id=\"f654de1\" data-element_type=\"widget\" data-e-type=\"widget\" data-widget_type=\"image-gallery.default\">\n\t\t\t\t<div class=\"elementor-widget-container\">\n\t\t\t\t\t\t\t<div class=\"elementor-image-gallery\">\n\t\t\t\n<a data-elementor-open-lightbox=\"yes\" data-elementor-lightbox-slideshow=\"f654de1\" data-elementor-lightbox-title=\"_DSC0515\" data-e-action-hash=\"#elementor-action%3Aaction%3Dlightbox%26settings%3DeyJpZCI6OTEyLCJ1cmwiOiJodHRwczpcL1wvZnVuZGFjamFwb2xuYS5vcmdcL3dwLWNvbnRlbnRcL3VwbG9hZHNcLzIwMjNcLzA3XC9EU0MwNTE1LmpwZyIsInNsaWRlc2hvdyI6ImY2NTRkZTEifQ%3D%3D\" href='https:\/\/fundacjapolna.org\/wp-content\/uploads\/2023\/07\/DSC0515.jpg'><img decoding=\"async\" width=\"150\" height=\"150\" src=\"https:\/\/fundacjapolna.org\/wp-content\/uploads\/2023\/07\/DSC0515-150x150.jpg\" class=\"attachment-thumbnail size-thumbnail\" alt=\"\" srcset=\"https:\/\/fundacjapolna.org\/wp-content\/uploads\/2023\/07\/DSC0515-150x150.jpg 150w, https:\/\/fundacjapolna.org\/wp-content\/uploads\/2023\/07\/DSC0515-300x300.jpg 300w\" sizes=\"(max-width: 150px) 100vw, 150px\" \/><\/a>\n<a data-elementor-open-lightbox=\"yes\" data-elementor-lightbox-slideshow=\"f654de1\" data-elementor-lightbox-title=\"_DSC0602\" data-e-action-hash=\"#elementor-action%3Aaction%3Dlightbox%26settings%3DeyJpZCI6OTEzLCJ1cmwiOiJodHRwczpcL1wvZnVuZGFjamFwb2xuYS5vcmdcL3dwLWNvbnRlbnRcL3VwbG9hZHNcLzIwMjNcLzA3XC9EU0MwNjAyLXJvdGF0ZWQtZTE2ODkyNTk1OTY0NDkuanBnIiwic2xpZGVzaG93IjoiZjY1NGRlMSJ9\" href='https:\/\/fundacjapolna.org\/wp-content\/uploads\/2023\/07\/DSC0602-rotated-e1689259596449.jpg'><img decoding=\"async\" width=\"150\" height=\"150\" src=\"https:\/\/fundacjapolna.org\/wp-content\/uploads\/2023\/07\/DSC0602-rotated-e1689259596449-150x150.jpg\" class=\"attachment-thumbnail size-thumbnail\" alt=\"\" srcset=\"https:\/\/fundacjapolna.org\/wp-content\/uploads\/2023\/07\/DSC0602-rotated-e1689259596449-150x150.jpg 150w, https:\/\/fundacjapolna.org\/wp-content\/uploads\/2023\/07\/DSC0602-rotated-e1689259596449-300x300.jpg 300w\" sizes=\"(max-width: 150px) 100vw, 150px\" \/><\/a>\n<a data-elementor-open-lightbox=\"yes\" data-elementor-lightbox-slideshow=\"f654de1\" data-elementor-lightbox-title=\"_DSC0625\" data-e-action-hash=\"#elementor-action%3Aaction%3Dlightbox%26settings%3DeyJpZCI6OTE0LCJ1cmwiOiJodHRwczpcL1wvZnVuZGFjamFwb2xuYS5vcmdcL3dwLWNvbnRlbnRcL3VwbG9hZHNcLzIwMjNcLzA3XC9EU0MwNjI1LmpwZyIsInNsaWRlc2hvdyI6ImY2NTRkZTEifQ%3D%3D\" href='https:\/\/fundacjapolna.org\/wp-content\/uploads\/2023\/07\/DSC0625.jpg'><img decoding=\"async\" width=\"150\" height=\"150\" src=\"https:\/\/fundacjapolna.org\/wp-content\/uploads\/2023\/07\/DSC0625-150x150.jpg\" class=\"attachment-thumbnail size-thumbnail\" alt=\"\" srcset=\"https:\/\/fundacjapolna.org\/wp-content\/uploads\/2023\/07\/DSC0625-150x150.jpg 150w, https:\/\/fundacjapolna.org\/wp-content\/uploads\/2023\/07\/DSC0625-300x300.jpg 300w\" sizes=\"(max-width: 150px) 100vw, 150px\" \/><\/a>\n<a data-elementor-open-lightbox=\"yes\" data-elementor-lightbox-slideshow=\"f654de1\" data-elementor-lightbox-title=\"_DSC0630\" data-e-action-hash=\"#elementor-action%3Aaction%3Dlightbox%26settings%3DeyJpZCI6OTE1LCJ1cmwiOiJodHRwczpcL1wvZnVuZGFjamFwb2xuYS5vcmdcL3dwLWNvbnRlbnRcL3VwbG9hZHNcLzIwMjNcLzA3XC9EU0MwNjMwLmpwZyIsInNsaWRlc2hvdyI6ImY2NTRkZTEifQ%3D%3D\" href='https:\/\/fundacjapolna.org\/wp-content\/uploads\/2023\/07\/DSC0630.jpg'><img loading=\"lazy\" decoding=\"async\" width=\"150\" height=\"150\" src=\"https:\/\/fundacjapolna.org\/wp-content\/uploads\/2023\/07\/DSC0630-150x150.jpg\" class=\"attachment-thumbnail size-thumbnail\" alt=\"\" srcset=\"https:\/\/fundacjapolna.org\/wp-content\/uploads\/2023\/07\/DSC0630-150x150.jpg 150w, https:\/\/fundacjapolna.org\/wp-content\/uploads\/2023\/07\/DSC0630-300x300.jpg 300w\" sizes=\"(max-width: 150px) 100vw, 150px\" \/><\/a>\n<a data-elementor-open-lightbox=\"yes\" data-elementor-lightbox-slideshow=\"f654de1\" data-elementor-lightbox-title=\"_DSC0631\" data-e-action-hash=\"#elementor-action%3Aaction%3Dlightbox%26settings%3DeyJpZCI6OTE2LCJ1cmwiOiJodHRwczpcL1wvZnVuZGFjamFwb2xuYS5vcmdcL3dwLWNvbnRlbnRcL3VwbG9hZHNcLzIwMjNcLzA3XC9EU0MwNjMxLmpwZyIsInNsaWRlc2hvdyI6ImY2NTRkZTEifQ%3D%3D\" href='https:\/\/fundacjapolna.org\/wp-content\/uploads\/2023\/07\/DSC0631.jpg'><img loading=\"lazy\" decoding=\"async\" width=\"150\" height=\"150\" src=\"https:\/\/fundacjapolna.org\/wp-content\/uploads\/2023\/07\/DSC0631-150x150.jpg\" class=\"attachment-thumbnail size-thumbnail\" alt=\"\" srcset=\"https:\/\/fundacjapolna.org\/wp-content\/uploads\/2023\/07\/DSC0631-150x150.jpg 150w, https:\/\/fundacjapolna.org\/wp-content\/uploads\/2023\/07\/DSC0631-300x300.jpg 300w\" sizes=\"(max-width: 150px) 100vw, 150px\" \/><\/a>\n<a data-elementor-open-lightbox=\"yes\" data-elementor-lightbox-slideshow=\"f654de1\" data-elementor-lightbox-title=\"IMG_8909\" data-e-action-hash=\"#elementor-action%3Aaction%3Dlightbox%26settings%3DeyJpZCI6OTE3LCJ1cmwiOiJodHRwczpcL1wvZnVuZGFjamFwb2xuYS5vcmdcL3dwLWNvbnRlbnRcL3VwbG9hZHNcLzIwMjNcLzA3XC9JTUdfODkwOS5qcGciLCJzbGlkZXNob3ciOiJmNjU0ZGUxIn0%3D\" href='https:\/\/fundacjapolna.org\/wp-content\/uploads\/2023\/07\/IMG_8909.jpg'><img loading=\"lazy\" decoding=\"async\" width=\"150\" height=\"150\" src=\"https:\/\/fundacjapolna.org\/wp-content\/uploads\/2023\/07\/IMG_8909-150x150.jpg\" class=\"attachment-thumbnail size-thumbnail\" alt=\"\" srcset=\"https:\/\/fundacjapolna.org\/wp-content\/uploads\/2023\/07\/IMG_8909-150x150.jpg 150w, https:\/\/fundacjapolna.org\/wp-content\/uploads\/2023\/07\/IMG_8909-300x300.jpg 300w\" sizes=\"(max-width: 150px) 100vw, 150px\" \/><\/a>\n\t\t<\/div>\n\t\t\t\t\t\t<\/div>\n\t\t\t\t<\/div>\n\t\t\t\t\t<\/div>\n\t\t<\/div>\n\t\t\t\t\t<\/div>\n\t\t<\/section>\n\t\t\t\t<\/div>\n\t\t","protected":false},"excerpt":{"rendered":"<p>W miniony weekend odby\u0142y si\u0119 trzydniowe warsztaty grupy \u015bpiewaczej Rozg\u0142os z etnomuzykolo\u017ck\u0105- Brygid\u0105 Sordyl. Grupa intensywnie pracowa\u0142a nad warsztatem wokalnym, emisj\u0105 g\u0142osu, uczy\u0142a si\u0119 nowych \u0107wicze\u0144 oddechowych, rytmicznych oraz jak si\u0119 harmonizowa\u0107. Repertuar Rozg\u0142osu powi\u0119kszy\u0142 si\u0119 o kilkana\u015bcie nowych, pi\u0119knych pie\u015bni. Prowadz\u0105ca opowiada\u0142a r\u00f3wnie\u017c o kontekstach \u015bpiewanych na warsztatach pie\u015bni, ich specyfice, realiach \u017cycia na karpackiej wsi\u2026 Dla Rozg\u0142osu by\u0142 [&hellip;]<\/p>\n","protected":false},"author":1,"featured_media":917,"comment_status":"open","ping_status":"open","sticky":false,"template":"","format":"standard","meta":{"footnotes":""},"categories":[3,6],"tags":[],"class_list":["post-909","post","type-post","status-publish","format-standard","has-post-thumbnail","hentry","category-blog","category-karpackie-inicjatywy-lokalne"],"_links":{"self":[{"href":"https:\/\/fundacjapolna.org\/index.php\/wp-json\/wp\/v2\/posts\/909","targetHints":{"allow":["GET"]}}],"collection":[{"href":"https:\/\/fundacjapolna.org\/index.php\/wp-json\/wp\/v2\/posts"}],"about":[{"href":"https:\/\/fundacjapolna.org\/index.php\/wp-json\/wp\/v2\/types\/post"}],"author":[{"embeddable":true,"href":"https:\/\/fundacjapolna.org\/index.php\/wp-json\/wp\/v2\/users\/1"}],"replies":[{"embeddable":true,"href":"https:\/\/fundacjapolna.org\/index.php\/wp-json\/wp\/v2\/comments?post=909"}],"version-history":[{"count":6,"href":"https:\/\/fundacjapolna.org\/index.php\/wp-json\/wp\/v2\/posts\/909\/revisions"}],"predecessor-version":[{"id":923,"href":"https:\/\/fundacjapolna.org\/index.php\/wp-json\/wp\/v2\/posts\/909\/revisions\/923"}],"wp:featuredmedia":[{"embeddable":true,"href":"https:\/\/fundacjapolna.org\/index.php\/wp-json\/wp\/v2\/media\/917"}],"wp:attachment":[{"href":"https:\/\/fundacjapolna.org\/index.php\/wp-json\/wp\/v2\/media?parent=909"}],"wp:term":[{"taxonomy":"category","embeddable":true,"href":"https:\/\/fundacjapolna.org\/index.php\/wp-json\/wp\/v2\/categories?post=909"},{"taxonomy":"post_tag","embeddable":true,"href":"https:\/\/fundacjapolna.org\/index.php\/wp-json\/wp\/v2\/tags?post=909"}],"curies":[{"name":"wp","href":"https:\/\/api.w.org\/{rel}","templated":true}]}}