{"id":827,"date":"2023-07-04T14:14:31","date_gmt":"2023-07-04T12:14:31","guid":{"rendered":"http:\/\/fundacjapolna.org\/?p=827"},"modified":"2024-05-22T16:08:17","modified_gmt":"2024-05-22T14:08:17","slug":"elementor-827","status":"publish","type":"post","link":"https:\/\/fundacjapolna.org\/index.php\/2023\/07\/04\/elementor-827\/","title":{"rendered":"Warsztaty \u015bpiewacze &#8211; Karpackie Inicjatywy Lokalne"},"content":{"rendered":"\t\t<div data-elementor-type=\"wp-post\" data-elementor-id=\"827\" class=\"elementor elementor-827\">\n\t\t\t\t\t\t<section class=\"elementor-section elementor-top-section elementor-element elementor-element-a6c4713 elementor-section-boxed elementor-section-height-default elementor-section-height-default\" data-id=\"a6c4713\" data-element_type=\"section\" data-e-type=\"section\">\n\t\t\t\t\t\t<div class=\"elementor-container elementor-column-gap-default\">\n\t\t\t\t\t<div class=\"elementor-column elementor-col-100 elementor-top-column elementor-element elementor-element-4c17c83\" data-id=\"4c17c83\" data-element_type=\"column\" data-e-type=\"column\">\n\t\t\t<div class=\"elementor-widget-wrap elementor-element-populated\">\n\t\t\t\t\t\t<div class=\"elementor-element elementor-element-735625d elementor-widget elementor-widget-text-editor\" data-id=\"735625d\" data-element_type=\"widget\" data-e-type=\"widget\" data-widget_type=\"text-editor.default\">\n\t\t\t\t<div class=\"elementor-widget-container\">\n\t\t\t\t\t\t\t\t\t<div class=\"xdj266r x11i5rnm xat24cr x1mh8g0r x1vvkbs x126k92a\" style=\"margin: 0px; white-space-collapse: preserve; overflow-wrap: break-word; font-family: system-ui, -apple-system, 'system-ui', '.SFNSText-Regular', sans-serif; color: #050505; font-size: 15px;\"><div dir=\"auto\" style=\"font-family: inherit;\">Wczoraj zacz\u0119li\u015bmy cykl warsztat\u00f3w \u015bpiewaczych z Ann\u0105 Gurdak. Na tapecie pie\u015bni tradycyjne \u0142emkowskie. Spotkania maj\u0105 na celu przybli\u017cy\u0107 kultur\u0119 tradycyjn\u0105 Karpat oraz wzbogaci\u0107 warsztat uczestnik\u00f3w, a tak\u017ce przeciwdzia\u0142a\u0107 zanikaniu tradycji regionu.<\/div><div dir=\"auto\" style=\"font-family: inherit;\">Niebawem opublikujemy wi\u0119cej informacji o projekcie i wydarzeniach z nim zwi\u0105zanych.<\/div><\/div><div class=\"x11i5rnm xat24cr x1mh8g0r x1vvkbs xtlvy1s x126k92a\" style=\"margin: 0.5em 0px 0px; white-space-collapse: preserve; overflow-wrap: break-word; font-family: system-ui, -apple-system, 'system-ui', '.SFNSText-Regular', sans-serif; color: #050505; font-size: 15px;\"><div dir=\"auto\" style=\"font-family: inherit;\">Karpacka inicjatywa lokalna wsp\u00f3\u0142finansowana\/finansowana1 ze \u015brodk\u00f3w Rz\u0105dowego Programu Fundusz Inicjatyw Obywatelskich NOWEFIO na lata 2021\u20132030\u201d za po\u015brednictwem Stowarzyszenia \u201ePro Carpathia\u201d<\/div><\/div>\t\t\t\t\t\t\t\t<\/div>\n\t\t\t\t<\/div>\n\t\t\t\t\t<\/div>\n\t\t<\/div>\n\t\t\t\t\t<\/div>\n\t\t<\/section>\n\t\t\t\t<section class=\"elementor-section elementor-top-section elementor-element elementor-element-b13216f elementor-section-boxed elementor-section-height-default elementor-section-height-default\" data-id=\"b13216f\" data-element_type=\"section\" data-e-type=\"section\">\n\t\t\t\t\t\t<div class=\"elementor-container elementor-column-gap-default\">\n\t\t\t\t\t<div class=\"elementor-column elementor-col-100 elementor-top-column elementor-element elementor-element-c4afc53\" data-id=\"c4afc53\" data-element_type=\"column\" data-e-type=\"column\">\n\t\t\t<div class=\"elementor-widget-wrap elementor-element-populated\">\n\t\t\t\t\t\t<div class=\"elementor-element elementor-element-878023e elementor-widget elementor-widget-image-gallery\" data-id=\"878023e\" data-element_type=\"widget\" data-e-type=\"widget\" data-widget_type=\"image-gallery.default\">\n\t\t\t\t<div class=\"elementor-widget-container\">\n\t\t\t\t\t\t\t<div class=\"elementor-image-gallery\">\n\t\t\t<div id='gallery-1' class='gallery galleryid-827 gallery-columns-2 gallery-size-thumbnail'><figure class='gallery-item'>\n\t\t\t<div class='gallery-icon landscape'>\n\t\t\t\t<a data-elementor-open-lightbox=\"yes\" data-elementor-lightbox-slideshow=\"878023e\" data-elementor-lightbox-title=\"357393059_210710148600757_3489968376496165270_n\" data-e-action-hash=\"#elementor-action%3Aaction%3Dlightbox%26settings%3DeyJpZCI6ODQ5LCJ1cmwiOiJodHRwOlwvXC9mdW5kYWNqYXBvbG5hLm9yZ1wvd3AtY29udGVudFwvdXBsb2Fkc1wvMjAyM1wvMDdcLzM1NzM5MzA1OV8yMTA3MTAxNDg2MDA3NTdfMzQ4OTk2ODM3NjQ5NjE2NTI3MF9uLmpwZWciLCJzbGlkZXNob3ciOiI4NzgwMjNlIn0%3D\" href='http:\/\/fundacjapolna.org\/wp-content\/uploads\/2023\/07\/357393059_210710148600757_3489968376496165270_n.jpeg'><img decoding=\"async\" width=\"150\" height=\"150\" src=\"http:\/\/fundacjapolna.org\/wp-content\/uploads\/2023\/07\/357393059_210710148600757_3489968376496165270_n-150x150.jpeg\" class=\"attachment-thumbnail size-thumbnail\" alt=\"\" srcset=\"http:\/\/fundacjapolna.org\/wp-content\/uploads\/2023\/07\/357393059_210710148600757_3489968376496165270_n-150x150.jpeg 150w, http:\/\/fundacjapolna.org\/wp-content\/uploads\/2023\/07\/357393059_210710148600757_3489968376496165270_n-300x300.jpeg 300w\" sizes=\"(max-width: 150px) 100vw, 150px\" \/><\/a>\n\t\t\t<\/div><\/figure><figure class='gallery-item'>\n\t\t\t<div class='gallery-icon landscape'>\n\t\t\t\t<a data-elementor-open-lightbox=\"yes\" data-elementor-lightbox-slideshow=\"878023e\" data-elementor-lightbox-title=\"357198754_210710231934082_5073033759017256423_n\" data-e-action-hash=\"#elementor-action%3Aaction%3Dlightbox%26settings%3DeyJpZCI6ODQ3LCJ1cmwiOiJodHRwOlwvXC9mdW5kYWNqYXBvbG5hLm9yZ1wvd3AtY29udGVudFwvdXBsb2Fkc1wvMjAyM1wvMDdcLzM1NzE5ODc1NF8yMTA3MTAyMzE5MzQwODJfNTA3MzAzMzc1OTAxNzI1NjQyM19uLmpwZWciLCJzbGlkZXNob3ciOiI4NzgwMjNlIn0%3D\" href='http:\/\/fundacjapolna.org\/wp-content\/uploads\/2023\/07\/357198754_210710231934082_5073033759017256423_n.jpeg'><img decoding=\"async\" width=\"150\" height=\"150\" src=\"http:\/\/fundacjapolna.org\/wp-content\/uploads\/2023\/07\/357198754_210710231934082_5073033759017256423_n-150x150.jpeg\" class=\"attachment-thumbnail size-thumbnail\" alt=\"\" srcset=\"http:\/\/fundacjapolna.org\/wp-content\/uploads\/2023\/07\/357198754_210710231934082_5073033759017256423_n-150x150.jpeg 150w, http:\/\/fundacjapolna.org\/wp-content\/uploads\/2023\/07\/357198754_210710231934082_5073033759017256423_n-300x300.jpeg 300w\" sizes=\"(max-width: 150px) 100vw, 150px\" \/><\/a>\n\t\t\t<\/div><\/figure><figure class='gallery-item'>\n\t\t\t<div class='gallery-icon landscape'>\n\t\t\t\t<a data-elementor-open-lightbox=\"yes\" data-elementor-lightbox-slideshow=\"878023e\" data-elementor-lightbox-title=\"357747981_210709828600789_1596820342787878238_n\" data-e-action-hash=\"#elementor-action%3Aaction%3Dlightbox%26settings%3DeyJpZCI6ODUwLCJ1cmwiOiJodHRwOlwvXC9mdW5kYWNqYXBvbG5hLm9yZ1wvd3AtY29udGVudFwvdXBsb2Fkc1wvMjAyM1wvMDdcLzM1Nzc0Nzk4MV8yMTA3MDk4Mjg2MDA3ODlfMTU5NjgyMDM0Mjc4Nzg3ODIzOF9uLmpwZWciLCJzbGlkZXNob3ciOiI4NzgwMjNlIn0%3D\" href='http:\/\/fundacjapolna.org\/wp-content\/uploads\/2023\/07\/357747981_210709828600789_1596820342787878238_n.jpeg'><img decoding=\"async\" width=\"150\" height=\"150\" src=\"http:\/\/fundacjapolna.org\/wp-content\/uploads\/2023\/07\/357747981_210709828600789_1596820342787878238_n-150x150.jpeg\" class=\"attachment-thumbnail size-thumbnail\" alt=\"\" srcset=\"http:\/\/fundacjapolna.org\/wp-content\/uploads\/2023\/07\/357747981_210709828600789_1596820342787878238_n-150x150.jpeg 150w, http:\/\/fundacjapolna.org\/wp-content\/uploads\/2023\/07\/357747981_210709828600789_1596820342787878238_n-300x300.jpeg 300w\" sizes=\"(max-width: 150px) 100vw, 150px\" \/><\/a>\n\t\t\t<\/div><\/figure><figure class='gallery-item'>\n\t\t\t<div class='gallery-icon landscape'>\n\t\t\t\t<a data-elementor-open-lightbox=\"yes\" data-elementor-lightbox-slideshow=\"878023e\" data-elementor-lightbox-title=\"358110144_210709931934112_5829859197011646755_n\" data-e-action-hash=\"#elementor-action%3Aaction%3Dlightbox%26settings%3DeyJpZCI6ODUzLCJ1cmwiOiJodHRwOlwvXC9mdW5kYWNqYXBvbG5hLm9yZ1wvd3AtY29udGVudFwvdXBsb2Fkc1wvMjAyM1wvMDdcLzM1ODExMDE0NF8yMTA3MDk5MzE5MzQxMTJfNTgyOTg1OTE5NzAxMTY0Njc1NV9uLmpwZWciLCJzbGlkZXNob3ciOiI4NzgwMjNlIn0%3D\" href='http:\/\/fundacjapolna.org\/wp-content\/uploads\/2023\/07\/358110144_210709931934112_5829859197011646755_n.jpeg'><img loading=\"lazy\" decoding=\"async\" width=\"150\" height=\"150\" src=\"http:\/\/fundacjapolna.org\/wp-content\/uploads\/2023\/07\/358110144_210709931934112_5829859197011646755_n-150x150.jpeg\" class=\"attachment-thumbnail size-thumbnail\" alt=\"\" srcset=\"http:\/\/fundacjapolna.org\/wp-content\/uploads\/2023\/07\/358110144_210709931934112_5829859197011646755_n-150x150.jpeg 150w, http:\/\/fundacjapolna.org\/wp-content\/uploads\/2023\/07\/358110144_210709931934112_5829859197011646755_n-300x300.jpeg 300w\" sizes=\"(max-width: 150px) 100vw, 150px\" \/><\/a>\n\t\t\t<\/div><\/figure><figure class='gallery-item'>\n\t\t\t<div class='gallery-icon landscape'>\n\t\t\t\t<a data-elementor-open-lightbox=\"yes\" data-elementor-lightbox-slideshow=\"878023e\" data-elementor-lightbox-title=\"357780761_210709838600788_7818712140760347602_n\" data-e-action-hash=\"#elementor-action%3Aaction%3Dlightbox%26settings%3DeyJpZCI6ODUxLCJ1cmwiOiJodHRwOlwvXC9mdW5kYWNqYXBvbG5hLm9yZ1wvd3AtY29udGVudFwvdXBsb2Fkc1wvMjAyM1wvMDdcLzM1Nzc4MDc2MV8yMTA3MDk4Mzg2MDA3ODhfNzgxODcxMjE0MDc2MDM0NzYwMl9uLmpwZWciLCJzbGlkZXNob3ciOiI4NzgwMjNlIn0%3D\" href='http:\/\/fundacjapolna.org\/wp-content\/uploads\/2023\/07\/357780761_210709838600788_7818712140760347602_n.jpeg'><img loading=\"lazy\" decoding=\"async\" width=\"150\" height=\"150\" src=\"http:\/\/fundacjapolna.org\/wp-content\/uploads\/2023\/07\/357780761_210709838600788_7818712140760347602_n-150x150.jpeg\" class=\"attachment-thumbnail size-thumbnail\" alt=\"\" srcset=\"http:\/\/fundacjapolna.org\/wp-content\/uploads\/2023\/07\/357780761_210709838600788_7818712140760347602_n-150x150.jpeg 150w, http:\/\/fundacjapolna.org\/wp-content\/uploads\/2023\/07\/357780761_210709838600788_7818712140760347602_n-300x300.jpeg 300w\" sizes=\"(max-width: 150px) 100vw, 150px\" \/><\/a>\n\t\t\t<\/div><\/figure><figure class='gallery-item'>\n\t\t\t<div class='gallery-icon landscape'>\n\t\t\t\t<a data-elementor-open-lightbox=\"yes\" data-elementor-lightbox-slideshow=\"878023e\" data-elementor-lightbox-title=\"357389061_210710011934104_2060203099432316356_n\" data-e-action-hash=\"#elementor-action%3Aaction%3Dlightbox%26settings%3DeyJpZCI6ODQ4LCJ1cmwiOiJodHRwOlwvXC9mdW5kYWNqYXBvbG5hLm9yZ1wvd3AtY29udGVudFwvdXBsb2Fkc1wvMjAyM1wvMDdcLzM1NzM4OTA2MV8yMTA3MTAwMTE5MzQxMDRfMjA2MDIwMzA5OTQzMjMxNjM1Nl9uLmpwZWciLCJzbGlkZXNob3ciOiI4NzgwMjNlIn0%3D\" href='http:\/\/fundacjapolna.org\/wp-content\/uploads\/2023\/07\/357389061_210710011934104_2060203099432316356_n.jpeg'><img loading=\"lazy\" decoding=\"async\" width=\"150\" height=\"150\" src=\"http:\/\/fundacjapolna.org\/wp-content\/uploads\/2023\/07\/357389061_210710011934104_2060203099432316356_n-150x150.jpeg\" class=\"attachment-thumbnail size-thumbnail\" alt=\"\" srcset=\"http:\/\/fundacjapolna.org\/wp-content\/uploads\/2023\/07\/357389061_210710011934104_2060203099432316356_n-150x150.jpeg 150w, http:\/\/fundacjapolna.org\/wp-content\/uploads\/2023\/07\/357389061_210710011934104_2060203099432316356_n-300x300.jpeg 300w\" sizes=\"(max-width: 150px) 100vw, 150px\" \/><\/a>\n\t\t\t<\/div><\/figure><figure class='gallery-item'>\n\t\t\t<div class='gallery-icon landscape'>\n\t\t\t\t<a data-elementor-open-lightbox=\"yes\" data-elementor-lightbox-slideshow=\"878023e\" data-elementor-lightbox-title=\"358052664_210710098600762_6016908844162880329_n\" data-e-action-hash=\"#elementor-action%3Aaction%3Dlightbox%26settings%3DeyJpZCI6ODUyLCJ1cmwiOiJodHRwOlwvXC9mdW5kYWNqYXBvbG5hLm9yZ1wvd3AtY29udGVudFwvdXBsb2Fkc1wvMjAyM1wvMDdcLzM1ODA1MjY2NF8yMTA3MTAwOTg2MDA3NjJfNjAxNjkwODg0NDE2Mjg4MDMyOV9uLmpwZWciLCJzbGlkZXNob3ciOiI4NzgwMjNlIn0%3D\" href='http:\/\/fundacjapolna.org\/wp-content\/uploads\/2023\/07\/358052664_210710098600762_6016908844162880329_n.jpeg'><img loading=\"lazy\" decoding=\"async\" width=\"150\" height=\"150\" src=\"http:\/\/fundacjapolna.org\/wp-content\/uploads\/2023\/07\/358052664_210710098600762_6016908844162880329_n-150x150.jpeg\" class=\"attachment-thumbnail size-thumbnail\" alt=\"\" srcset=\"http:\/\/fundacjapolna.org\/wp-content\/uploads\/2023\/07\/358052664_210710098600762_6016908844162880329_n-150x150.jpeg 150w, http:\/\/fundacjapolna.org\/wp-content\/uploads\/2023\/07\/358052664_210710098600762_6016908844162880329_n-300x300.jpeg 300w\" sizes=\"(max-width: 150px) 100vw, 150px\" \/><\/a>\n\t\t\t<\/div><\/figure>\n\t\t<\/div>\n\t\t<\/div>\n\t\t\t\t\t\t<\/div>\n\t\t\t\t<\/div>\n\t\t\t\t\t<\/div>\n\t\t<\/div>\n\t\t\t\t\t<\/div>\n\t\t<\/section>\n\t\t\t\t<\/div>\n\t\t","protected":false},"excerpt":{"rendered":"<p>Wczoraj zacz\u0119li\u015bmy cykl warsztat\u00f3w \u015bpiewaczych z Ann\u0105 Gurdak. Na tapecie pie\u015bni tradycyjne \u0142emkowskie. Spotkania maj\u0105 na celu przybli\u017cy\u0107 kultur\u0119 tradycyjn\u0105 Karpat oraz wzbogaci\u0107 warsztat uczestnik\u00f3w, a tak\u017ce przeciwdzia\u0142a\u0107 zanikaniu tradycji regionu.Niebawem opublikujemy wi\u0119cej informacji o projekcie i wydarzeniach z nim zwi\u0105zanych.Karpacka inicjatywa lokalna wsp\u00f3\u0142finansowana\/finansowana1 ze \u015brodk\u00f3w Rz\u0105dowego Programu Fundusz Inicjatyw Obywatelskich NOWEFIO na lata 2021\u20132030\u201d za po\u015brednictwem Stowarzyszenia \u201ePro Carpathia\u201d<\/p>\n","protected":false},"author":1,"featured_media":842,"comment_status":"open","ping_status":"open","sticky":false,"template":"","format":"standard","meta":{"footnotes":""},"categories":[3,6,9],"tags":[],"class_list":["post-827","post","type-post","status-publish","format-standard","has-post-thumbnail","hentry","category-blog","category-karpackie-inicjatywy-lokalne","category-rozglos"],"_links":{"self":[{"href":"https:\/\/fundacjapolna.org\/index.php\/wp-json\/wp\/v2\/posts\/827","targetHints":{"allow":["GET"]}}],"collection":[{"href":"https:\/\/fundacjapolna.org\/index.php\/wp-json\/wp\/v2\/posts"}],"about":[{"href":"https:\/\/fundacjapolna.org\/index.php\/wp-json\/wp\/v2\/types\/post"}],"author":[{"embeddable":true,"href":"https:\/\/fundacjapolna.org\/index.php\/wp-json\/wp\/v2\/users\/1"}],"replies":[{"embeddable":true,"href":"https:\/\/fundacjapolna.org\/index.php\/wp-json\/wp\/v2\/comments?post=827"}],"version-history":[{"count":31,"href":"https:\/\/fundacjapolna.org\/index.php\/wp-json\/wp\/v2\/posts\/827\/revisions"}],"predecessor-version":[{"id":874,"href":"https:\/\/fundacjapolna.org\/index.php\/wp-json\/wp\/v2\/posts\/827\/revisions\/874"}],"wp:featuredmedia":[{"embeddable":true,"href":"https:\/\/fundacjapolna.org\/index.php\/wp-json\/wp\/v2\/media\/842"}],"wp:attachment":[{"href":"https:\/\/fundacjapolna.org\/index.php\/wp-json\/wp\/v2\/media?parent=827"}],"wp:term":[{"taxonomy":"category","embeddable":true,"href":"https:\/\/fundacjapolna.org\/index.php\/wp-json\/wp\/v2\/categories?post=827"},{"taxonomy":"post_tag","embeddable":true,"href":"https:\/\/fundacjapolna.org\/index.php\/wp-json\/wp\/v2\/tags?post=827"}],"curies":[{"name":"wp","href":"https:\/\/api.w.org\/{rel}","templated":true}]}}