{"id":380,"date":"2022-05-11T06:21:01","date_gmt":"2022-05-11T06:21:01","guid":{"rendered":"https:\/\/bizbergthemes.com\/fully-green-lite\/?p=380"},"modified":"2024-05-22T16:12:01","modified_gmt":"2024-05-22T14:12:01","slug":"rozglos-spiewa","status":"publish","type":"post","link":"https:\/\/fundacjapolna.org\/index.php\/2022\/05\/11\/rozglos-spiewa\/","title":{"rendered":"Grupa Rozg\u0142os \u015bpiewa!"},"content":{"rendered":"\t\t<div data-elementor-type=\"wp-post\" data-elementor-id=\"380\" class=\"elementor elementor-380\">\n\t\t\t\t\t\t<section class=\"elementor-section elementor-top-section elementor-element elementor-element-5f23653a elementor-section-boxed elementor-section-height-default elementor-section-height-default\" data-id=\"5f23653a\" data-element_type=\"section\" data-e-type=\"section\">\n\t\t\t\t\t\t<div class=\"elementor-container elementor-column-gap-default\">\n\t\t\t\t\t<div class=\"elementor-column elementor-col-100 elementor-top-column elementor-element elementor-element-5bbd6259\" data-id=\"5bbd6259\" data-element_type=\"column\" data-e-type=\"column\">\n\t\t\t<div class=\"elementor-widget-wrap elementor-element-populated\">\n\t\t\t\t\t\t<div class=\"elementor-element elementor-element-7eced1fe elementor-widget elementor-widget-text-editor\" data-id=\"7eced1fe\" data-element_type=\"widget\" data-e-type=\"widget\" data-widget_type=\"text-editor.default\">\n\t\t\t\t<div class=\"elementor-widget-container\">\n\t\t\t\t\t\t\t\t\t<p>Grupa Rozg\u0142os- \u015bpiewa\u0107 mo\u017ce i powinien ka\u017cdy! Sensem istnienia Rozg\u0142osu jest idea, \u017ce \u015bpiew s\u0142u\u017cy wsp\u00f3lnej rado\u015bci i przyjemno\u015bci, spotkaniu, odkrywaniu mocy swojego g\u0142osu. Szczeg\u00f3lnie inspiruj\u0105ce jest szukanie uniwersalnych warto\u015bci w pie\u015bniach tradycyjnych. Grupa zainteresowana jest przede wszystkim niescenicznymi \u015brodkami ekspresji tw\u00f3rczej. To, czego nie lubimy, to ocenianie i perfekcjonizm. Przyjd\u017a do nas, spr\u00f3buj! Zapraszamy w ka\u017cdy poniedzia\u0142ek o 16:30 do<a href=\"https:\/\/www.facebook.com\/profile.php?id=100083173096414\"> Majsterni Karpat.<\/a><\/p>\t\t\t\t\t\t\t\t<\/div>\n\t\t\t\t<\/div>\n\t\t\t\t\t<\/div>\n\t\t<\/div>\n\t\t\t\t\t<\/div>\n\t\t<\/section>\n\t\t\t\t<section class=\"elementor-section elementor-top-section elementor-element elementor-element-81fe2d8 elementor-section-boxed elementor-section-height-default elementor-section-height-default\" data-id=\"81fe2d8\" data-element_type=\"section\" data-e-type=\"section\">\n\t\t\t\t\t\t<div class=\"elementor-container elementor-column-gap-default\">\n\t\t\t\t\t<div class=\"elementor-column elementor-col-100 elementor-top-column elementor-element elementor-element-39486a4\" data-id=\"39486a4\" data-element_type=\"column\" data-e-type=\"column\">\n\t\t\t<div class=\"elementor-widget-wrap elementor-element-populated\">\n\t\t\t\t\t\t<div class=\"elementor-element elementor-element-3c237c5 elementor-widget elementor-widget-eael-post-timeline\" data-id=\"3c237c5\" data-element_type=\"widget\" data-e-type=\"widget\" data-widget_type=\"eael-post-timeline.default\">\n\t\t\t\t<div class=\"elementor-widget-container\">\n\t\t\t\t\t<div id=\"eael-post-timeline-3c237c5\" class=\"eael-post-timeline timeline-layout-default eael-post-timeline-arrow-\">\n            <div class=\"eael-post-timeline eael-post-appender eael-post-appender-3c237c5\"><article class=\"eael-timeline-post eael-timeline-column\">\n    <div class=\"eael-timeline-bullet\"><\/div>\n    <div class=\"eael-timeline-post-inner\">\n        <a class=\"eael-timeline-post-link\" href=\"https:\/\/fundacjapolna.org\/index.php\/2024\/05\/22\/bialym-glosem-warsztaty-tradycyjnej-emisji-glosu-i-spiewu-grupowego\/\" title=\"Bia\u0142ym g\u0142osem- warsztaty tradycyjnej emisji g\u0142osu i \u015bpiewu grupowego\">\n            <time datetime=\"22 maja 2024\">22 maja 2024<\/time>\n            <div class=\"eael-timeline-post-image  attachment-medium size-medium\" style=\"background-image: url(https:\/\/fundacjapolna.org\/wp-content\/uploads\/2024\/05\/444487895_2150280942000785_7818233152731405478_n-300x225.jpg);\"><\/div><div class=\"eael-timeline-post-excerpt\"><p>Ja podsumowa\u0107 to spotkanie? Trudno obj\u0105\u0107 s\u0142owami ca\u0142\u0105 magi\u0119, kt\u00f3ra...<\/p><\/div><div class=\"eael-timeline-post-title\">\n                    <h2 class=\"eael-timeline-post-title-text\">Bia\u0142ym g\u0142osem- warsztaty tradycyjnej emisji g\u0142osu i \u015bpiewu grupowego<\/h2>\n                <\/div><\/a>\n    <\/div>\n<\/article><article class=\"eael-timeline-post eael-timeline-column\">\n    <div class=\"eael-timeline-bullet\"><\/div>\n    <div class=\"eael-timeline-post-inner\">\n        <a class=\"eael-timeline-post-link\" href=\"https:\/\/fundacjapolna.org\/index.php\/2023\/10\/11\/zapraszamy-na-koncert-echa-karpat\/\" title=\"Zapraszamy na koncert &#8222;Echa Karpat&#8221;!\">\n            <time datetime=\"11 pa\u017adziernika 2023\">11 pa\u017adziernika 2023<\/time>\n            <div class=\"eael-timeline-post-image  attachment-medium size-medium\" style=\"background-image: url();\"><\/div><div class=\"eael-timeline-post-excerpt\"><p><\/p><\/div><div class=\"eael-timeline-post-title\">\n                    <h2 class=\"eael-timeline-post-title-text\">Zapraszamy na koncert &#8222;Echa Karpat&#8221;!<\/h2>\n                <\/div><\/a>\n    <\/div>\n<\/article><article class=\"eael-timeline-post eael-timeline-column\">\n    <div class=\"eael-timeline-bullet\"><\/div>\n    <div class=\"eael-timeline-post-inner\">\n        <a class=\"eael-timeline-post-link\" href=\"https:\/\/fundacjapolna.org\/index.php\/2023\/10\/11\/elementor-943\/\" title=\"Zako\u0144czyli\u015bmy cykl warsztat\u00f3w \u015bpiewaczych\">\n            <time datetime=\"11 pa\u017adziernika 2023\">11 pa\u017adziernika 2023<\/time>\n            <div class=\"eael-timeline-post-image  attachment-medium size-medium\" style=\"background-image: url(https:\/\/fundacjapolna.org\/wp-content\/uploads\/2023\/10\/IMG_0279-300x225.jpeg);\"><\/div><div class=\"eael-timeline-post-excerpt\"><p>Zako\u0144czyli\u015bmy cykl warsztat\u00f3w \u015bpiewaczych w ramach projektu \u201eEcha Karpat. Szlakiem...<\/p><\/div><div class=\"eael-timeline-post-title\">\n                    <h2 class=\"eael-timeline-post-title-text\">Zako\u0144czyli\u015bmy cykl warsztat\u00f3w \u015bpiewaczych<\/h2>\n                <\/div><\/a>\n    <\/div>\n<\/article><article class=\"eael-timeline-post eael-timeline-column\">\n    <div class=\"eael-timeline-bullet\"><\/div>\n    <div class=\"eael-timeline-post-inner\">\n        <a class=\"eael-timeline-post-link\" href=\"https:\/\/fundacjapolna.org\/index.php\/2023\/07\/04\/elementor-827\/\" title=\"Warsztaty \u015bpiewacze &#8211; Karpackie Inicjatywy Lokalne\">\n            <time datetime=\"4 lipca 2023\">4 lipca 2023<\/time>\n            <div class=\"eael-timeline-post-image  attachment-medium size-medium\" style=\"background-image: url(https:\/\/fundacjapolna.org\/wp-content\/uploads\/2023\/07\/357391860_210710158600756_3648552613040163704_n-300x175.jpeg);\"><\/div><div class=\"eael-timeline-post-excerpt\"><p>Wczoraj zacz\u0119li\u015bmy cykl warsztat\u00f3w \u015bpiewaczych z Ann\u0105 Gurdak. Na tapecie...<\/p><\/div><div class=\"eael-timeline-post-title\">\n                    <h2 class=\"eael-timeline-post-title-text\">Warsztaty \u015bpiewacze &#8211; Karpackie Inicjatywy Lokalne<\/h2>\n                <\/div><\/a>\n    <\/div>\n<\/article><\/div>\n\t\t<\/div>\t\t\t\t<\/div>\n\t\t\t\t<\/div>\n\t\t\t\t\t<\/div>\n\t\t<\/div>\n\t\t\t\t\t<\/div>\n\t\t<\/section>\n\t\t\t\t<\/div>\n\t\t","protected":false},"excerpt":{"rendered":"<p>Grupa Rozg\u0142os- \u015bpiewa\u0107 mo\u017ce i powinien ka\u017cdy!<br \/>\nZapraszamy w poniedzia\u0142ki<br \/>\nMDK Gorlice<\/p>\n","protected":false},"author":1,"featured_media":952,"comment_status":"closed","ping_status":"closed","sticky":false,"template":"","format":"standard","meta":{"footnotes":""},"categories":[3],"tags":[],"class_list":["post-380","post","type-post","status-publish","format-standard","has-post-thumbnail","hentry","category-blog"],"_links":{"self":[{"href":"https:\/\/fundacjapolna.org\/index.php\/wp-json\/wp\/v2\/posts\/380","targetHints":{"allow":["GET"]}}],"collection":[{"href":"https:\/\/fundacjapolna.org\/index.php\/wp-json\/wp\/v2\/posts"}],"about":[{"href":"https:\/\/fundacjapolna.org\/index.php\/wp-json\/wp\/v2\/types\/post"}],"author":[{"embeddable":true,"href":"https:\/\/fundacjapolna.org\/index.php\/wp-json\/wp\/v2\/users\/1"}],"replies":[{"embeddable":true,"href":"https:\/\/fundacjapolna.org\/index.php\/wp-json\/wp\/v2\/comments?post=380"}],"version-history":[{"count":17,"href":"https:\/\/fundacjapolna.org\/index.php\/wp-json\/wp\/v2\/posts\/380\/revisions"}],"predecessor-version":[{"id":1339,"href":"https:\/\/fundacjapolna.org\/index.php\/wp-json\/wp\/v2\/posts\/380\/revisions\/1339"}],"wp:featuredmedia":[{"embeddable":true,"href":"https:\/\/fundacjapolna.org\/index.php\/wp-json\/wp\/v2\/media\/952"}],"wp:attachment":[{"href":"https:\/\/fundacjapolna.org\/index.php\/wp-json\/wp\/v2\/media?parent=380"}],"wp:term":[{"taxonomy":"category","embeddable":true,"href":"https:\/\/fundacjapolna.org\/index.php\/wp-json\/wp\/v2\/categories?post=380"},{"taxonomy":"post_tag","embeddable":true,"href":"https:\/\/fundacjapolna.org\/index.php\/wp-json\/wp\/v2\/tags?post=380"}],"curies":[{"name":"wp","href":"https:\/\/api.w.org\/{rel}","templated":true}]}}