{"id":376,"date":"2023-01-16T06:03:00","date_gmt":"2023-01-16T05:03:00","guid":{"rendered":"https:\/\/bizbergthemes.com\/fully-green-lite\/?p=376"},"modified":"2023-02-03T22:29:54","modified_gmt":"2023-02-03T21:29:54","slug":"forest-elephants-in-danger-with-new-roads","status":"publish","type":"post","link":"https:\/\/fundacjapolna.org\/index.php\/2023\/01\/16\/forest-elephants-in-danger-with-new-roads\/","title":{"rendered":"Jednym g\u0142osem z Rozg\u0142osem &#8211; ku tradycji i wsp\u00f3lnocie"},"content":{"rendered":"<div id=\"Content\">\n<div id=\"bannerR\">Projekt ma na celu przybli\u017cenie kultury tradycyjnej dla lokalnej spo\u0142eczno\u015bci przez organizacj\u0119 szeregu tw\u00f3rczych wydarze\u0144 kulturalnych, skupionych wok\u00f3\u0142 tradycyjnych pie\u015bni, tradycyjnej muzyki instrumentalnej i rzemios\u0142a.<\/div>\n<\/div>\n<div><\/div>\n<div>Zaplanowany program:<\/div>\n<div><\/div>\n<div>1. Miasto Gorlice:<br \/>\n&#8211; MDK: warsztaty \u015bpiewu, pr\u00f3by, spotkania grupy Rozg\u0142os,<br \/>\n&#8211; Park Miejski: &#8222;Noc Kupa\u0142y&#8221; &#8211; obrz\u0105d kupalny nad rzek\u0105 z pie\u015bniami tradycyjnymi.<br \/>\n2. Wie\u015b Czermna:<br \/>\n&#8211; Nabo\u017ce\u0144stwo Majowe: \u015bpiewanie przy kapliczce.<br \/>\n3. Wie\u015b Bieliczna:<br \/>\n&#8211; Koncert pie\u015bni nabo\u017cnych z transmisj\u0105 online.<br \/>\n4. Wie\u015b \u015anietnica:<br \/>\n&#8211; spotkania z Mistrzyni\u0105 Tradycji,<br \/>\n&#8211; sianokosy grupy Rozg\u0142os,<br \/>\n&#8211; ognisko do\u017cynkowe.<br \/>\n5. Majsternia Karpat we wsi Siary- warsztaty weekendowe z trenerem emisji g\u0142osu i warsztaty z etnomuzykologiem.<\/div>\n","protected":false},"excerpt":{"rendered":"<p>Z\u0142o\u017cyli\u015bmy projekt na dzia\u0142ania kulturalne w ramach programu Etno Polska 2023.<\/p>\n","protected":false},"author":1,"featured_media":654,"comment_status":"open","ping_status":"closed","sticky":false,"template":"","format":"standard","meta":{"footnotes":""},"categories":[3],"tags":[],"class_list":["post-376","post","type-post","status-publish","format-standard","has-post-thumbnail","hentry","category-blog"],"_links":{"self":[{"href":"https:\/\/fundacjapolna.org\/index.php\/wp-json\/wp\/v2\/posts\/376","targetHints":{"allow":["GET"]}}],"collection":[{"href":"https:\/\/fundacjapolna.org\/index.php\/wp-json\/wp\/v2\/posts"}],"about":[{"href":"https:\/\/fundacjapolna.org\/index.php\/wp-json\/wp\/v2\/types\/post"}],"author":[{"embeddable":true,"href":"https:\/\/fundacjapolna.org\/index.php\/wp-json\/wp\/v2\/users\/1"}],"replies":[{"embeddable":true,"href":"https:\/\/fundacjapolna.org\/index.php\/wp-json\/wp\/v2\/comments?post=376"}],"version-history":[{"count":2,"href":"https:\/\/fundacjapolna.org\/index.php\/wp-json\/wp\/v2\/posts\/376\/revisions"}],"predecessor-version":[{"id":655,"href":"https:\/\/fundacjapolna.org\/index.php\/wp-json\/wp\/v2\/posts\/376\/revisions\/655"}],"wp:featuredmedia":[{"embeddable":true,"href":"https:\/\/fundacjapolna.org\/index.php\/wp-json\/wp\/v2\/media\/654"}],"wp:attachment":[{"href":"https:\/\/fundacjapolna.org\/index.php\/wp-json\/wp\/v2\/media?parent=376"}],"wp:term":[{"taxonomy":"category","embeddable":true,"href":"https:\/\/fundacjapolna.org\/index.php\/wp-json\/wp\/v2\/categories?post=376"},{"taxonomy":"post_tag","embeddable":true,"href":"https:\/\/fundacjapolna.org\/index.php\/wp-json\/wp\/v2\/tags?post=376"}],"curies":[{"name":"wp","href":"https:\/\/api.w.org\/{rel}","templated":true}]}}