{"id":1484,"date":"2024-07-27T16:23:00","date_gmt":"2024-07-27T14:23:00","guid":{"rendered":"https:\/\/fundacjapolna.org\/?p=1484"},"modified":"2024-08-03T16:26:52","modified_gmt":"2024-08-03T14:26:52","slug":"drugie-zajecia-z-janem-maliszem","status":"publish","type":"post","link":"https:\/\/fundacjapolna.org\/index.php\/2024\/07\/27\/drugie-zajecia-z-janem-maliszem\/","title":{"rendered":"Drugie zajecia z Janem Maliszem"},"content":{"rendered":"\t\t<div data-elementor-type=\"wp-post\" data-elementor-id=\"1484\" class=\"elementor elementor-1484\">\n\t\t\t\t\t\t<section class=\"elementor-section elementor-top-section elementor-element elementor-element-601fc48 elementor-section-boxed elementor-section-height-default elementor-section-height-default\" data-id=\"601fc48\" data-element_type=\"section\" data-e-type=\"section\">\n\t\t\t\t\t\t<div class=\"elementor-container elementor-column-gap-default\">\n\t\t\t\t\t<div class=\"elementor-column elementor-col-100 elementor-top-column elementor-element elementor-element-86dbcd8\" data-id=\"86dbcd8\" data-element_type=\"column\" data-e-type=\"column\">\n\t\t\t<div class=\"elementor-widget-wrap elementor-element-populated\">\n\t\t\t\t\t\t<div class=\"elementor-element elementor-element-d1b8174 elementor-widget elementor-widget-text-editor\" data-id=\"d1b8174\" data-element_type=\"widget\" data-e-type=\"widget\" data-widget_type=\"text-editor.default\">\n\t\t\t\t<div class=\"elementor-widget-container\">\n\t\t\t\t\t\t\t\t\t<div class=\"xdj266r x11i5rnm xat24cr x1mh8g0r x1vvkbs x126k92a\" style=\"margin: 0px; overflow-wrap: break-word; white-space-collapse: preserve; font-family: 'Segoe UI Historic', 'Segoe UI', Helvetica, Arial, sans-serif; color: #050505; font-size: 15px;\"><div dir=\"auto\" style=\"font-family: inherit;\">wiecie muzyki tradycyjnej \u015bpiew, taniec i instrumenty nie istania\u0142y bez siebie nawzajem. Kursanci Uniwersytetu Muzyki Tradycyjnej maj\u0105 okazj\u0119 rozsmakowa\u0107 si\u0119 w rado\u015bci jak\u0105 daje wsp\u00f3lne muzykowanie. Jan Malisz mistrzowsko pokazuje jak sta\u0107 si\u0119 cz\u0119\u015bci\u0105, jak wsp\u00f3\u0142tworzy\u0107 muzyk\u0119 i \u017ce ka\u017cdy z nas mo\u017ce to robi\u0107.<\/div><\/div><div class=\"x11i5rnm xat24cr x1mh8g0r x1vvkbs xtlvy1s x126k92a\" style=\"margin: 0.5em 0px 0px; overflow-wrap: break-word; white-space-collapse: preserve; font-family: 'Segoe UI Historic', 'Segoe UI', Helvetica, Arial, sans-serif; color: #050505; font-size: 15px;\"><div dir=\"auto\" style=\"font-family: inherit;\">Projekt \u201ePodkarpacki Uniwersytet Muzyki Tradycyjnej\u201d jest dofinansowany przez Urz\u0105d Marsza\u0142kowski wojew\u00f3dztwa Podkarpackiego w ramach programu Mecenat Kulturalny.<\/div><\/div>\t\t\t\t\t\t\t\t<\/div>\n\t\t\t\t<\/div>\n\t\t\t\t\t<\/div>\n\t\t<\/div>\n\t\t\t\t\t<\/div>\n\t\t<\/section>\n\t\t\t\t<section class=\"elementor-section elementor-top-section elementor-element elementor-element-8223854 elementor-section-boxed elementor-section-height-default elementor-section-height-default\" data-id=\"8223854\" data-element_type=\"section\" data-e-type=\"section\">\n\t\t\t\t\t\t<div class=\"elementor-container elementor-column-gap-default\">\n\t\t\t\t\t<div class=\"elementor-column elementor-col-100 elementor-top-column elementor-element elementor-element-defd911\" data-id=\"defd911\" data-element_type=\"column\" data-e-type=\"column\">\n\t\t\t<div class=\"elementor-widget-wrap elementor-element-populated\">\n\t\t\t\t\t\t<div class=\"elementor-element elementor-element-0e0d120 elementor-widget elementor-widget-image-gallery\" data-id=\"0e0d120\" data-element_type=\"widget\" data-e-type=\"widget\" data-widget_type=\"image-gallery.default\">\n\t\t\t\t<div class=\"elementor-widget-container\">\n\t\t\t\t\t\t\t<div class=\"elementor-image-gallery\">\n\t\t\t<div id='gallery-2' class='gallery galleryid-1484 gallery-columns-4 gallery-size-thumbnail'><figure class='gallery-item'>\n\t\t\t<div class='gallery-icon portrait'>\n\t\t\t\t<a data-elementor-open-lightbox=\"yes\" data-elementor-lightbox-slideshow=\"0e0d120\" data-elementor-lightbox-title=\"452911271_454509774220792_7252774947293037527_n\" data-e-action-hash=\"#elementor-action%3Aaction%3Dlightbox%26settings%3DeyJpZCI6MTQ4NiwidXJsIjoiaHR0cDpcL1wvZnVuZGFjamFwb2xuYS5vcmdcL3dwLWNvbnRlbnRcL3VwbG9hZHNcLzIwMjRcLzA4XC80NTI5MTEyNzFfNDU0NTA5Nzc0MjIwNzkyXzcyNTI3NzQ5NDcyOTMwMzc1Mjdfbi5qcGciLCJzbGlkZXNob3ciOiIwZTBkMTIwIn0%3D\" href='http:\/\/fundacjapolna.org\/wp-content\/uploads\/2024\/08\/452911271_454509774220792_7252774947293037527_n.jpg'><img decoding=\"async\" width=\"150\" height=\"150\" src=\"http:\/\/fundacjapolna.org\/wp-content\/uploads\/2024\/08\/452911271_454509774220792_7252774947293037527_n-150x150.jpg\" class=\"attachment-thumbnail size-thumbnail\" alt=\"\" srcset=\"http:\/\/fundacjapolna.org\/wp-content\/uploads\/2024\/08\/452911271_454509774220792_7252774947293037527_n-150x150.jpg 150w, http:\/\/fundacjapolna.org\/wp-content\/uploads\/2024\/08\/452911271_454509774220792_7252774947293037527_n-300x300.jpg 300w\" sizes=\"(max-width: 150px) 100vw, 150px\" \/><\/a>\n\t\t\t<\/div><\/figure><figure class='gallery-item'>\n\t\t\t<div class='gallery-icon portrait'>\n\t\t\t\t<a data-elementor-open-lightbox=\"yes\" data-elementor-lightbox-slideshow=\"0e0d120\" data-elementor-lightbox-title=\"453034058_454509700887466_7810277544178560919_n\" data-e-action-hash=\"#elementor-action%3Aaction%3Dlightbox%26settings%3DeyJpZCI6MTQ4NywidXJsIjoiaHR0cDpcL1wvZnVuZGFjamFwb2xuYS5vcmdcL3dwLWNvbnRlbnRcL3VwbG9hZHNcLzIwMjRcLzA4XC80NTMwMzQwNThfNDU0NTA5NzAwODg3NDY2Xzc4MTAyNzc1NDQxNzg1NjA5MTlfbi5qcGciLCJzbGlkZXNob3ciOiIwZTBkMTIwIn0%3D\" href='http:\/\/fundacjapolna.org\/wp-content\/uploads\/2024\/08\/453034058_454509700887466_7810277544178560919_n.jpg'><img decoding=\"async\" width=\"150\" height=\"150\" src=\"http:\/\/fundacjapolna.org\/wp-content\/uploads\/2024\/08\/453034058_454509700887466_7810277544178560919_n-150x150.jpg\" class=\"attachment-thumbnail size-thumbnail\" alt=\"\" srcset=\"http:\/\/fundacjapolna.org\/wp-content\/uploads\/2024\/08\/453034058_454509700887466_7810277544178560919_n-150x150.jpg 150w, http:\/\/fundacjapolna.org\/wp-content\/uploads\/2024\/08\/453034058_454509700887466_7810277544178560919_n-300x300.jpg 300w\" sizes=\"(max-width: 150px) 100vw, 150px\" \/><\/a>\n\t\t\t<\/div><\/figure><figure class='gallery-item'>\n\t\t\t<div class='gallery-icon portrait'>\n\t\t\t\t<a data-elementor-open-lightbox=\"yes\" data-elementor-lightbox-slideshow=\"0e0d120\" data-elementor-lightbox-title=\"453098991_454509814220788_7286331177940541776_n\" data-e-action-hash=\"#elementor-action%3Aaction%3Dlightbox%26settings%3DeyJpZCI6MTQ4OCwidXJsIjoiaHR0cDpcL1wvZnVuZGFjamFwb2xuYS5vcmdcL3dwLWNvbnRlbnRcL3VwbG9hZHNcLzIwMjRcLzA4XC80NTMwOTg5OTFfNDU0NTA5ODE0MjIwNzg4XzcyODYzMzExNzc5NDA1NDE3NzZfbi5qcGciLCJzbGlkZXNob3ciOiIwZTBkMTIwIn0%3D\" href='http:\/\/fundacjapolna.org\/wp-content\/uploads\/2024\/08\/453098991_454509814220788_7286331177940541776_n.jpg'><img decoding=\"async\" width=\"150\" height=\"150\" src=\"http:\/\/fundacjapolna.org\/wp-content\/uploads\/2024\/08\/453098991_454509814220788_7286331177940541776_n-150x150.jpg\" class=\"attachment-thumbnail size-thumbnail\" alt=\"\" srcset=\"http:\/\/fundacjapolna.org\/wp-content\/uploads\/2024\/08\/453098991_454509814220788_7286331177940541776_n-150x150.jpg 150w, http:\/\/fundacjapolna.org\/wp-content\/uploads\/2024\/08\/453098991_454509814220788_7286331177940541776_n-300x300.jpg 300w\" sizes=\"(max-width: 150px) 100vw, 150px\" \/><\/a>\n\t\t\t<\/div><\/figure><figure class='gallery-item'>\n\t\t\t<div class='gallery-icon portrait'>\n\t\t\t\t<a data-elementor-open-lightbox=\"yes\" data-elementor-lightbox-slideshow=\"0e0d120\" data-elementor-lightbox-title=\"453099009_454510010887435_639960432676706021_n\" data-e-action-hash=\"#elementor-action%3Aaction%3Dlightbox%26settings%3DeyJpZCI6MTQ4OSwidXJsIjoiaHR0cDpcL1wvZnVuZGFjamFwb2xuYS5vcmdcL3dwLWNvbnRlbnRcL3VwbG9hZHNcLzIwMjRcLzA4XC80NTMwOTkwMDlfNDU0NTEwMDEwODg3NDM1XzYzOTk2MDQzMjY3NjcwNjAyMV9uLmpwZyIsInNsaWRlc2hvdyI6IjBlMGQxMjAifQ%3D%3D\" href='http:\/\/fundacjapolna.org\/wp-content\/uploads\/2024\/08\/453099009_454510010887435_639960432676706021_n.jpg'><img loading=\"lazy\" decoding=\"async\" width=\"150\" height=\"150\" src=\"http:\/\/fundacjapolna.org\/wp-content\/uploads\/2024\/08\/453099009_454510010887435_639960432676706021_n-150x150.jpg\" class=\"attachment-thumbnail size-thumbnail\" alt=\"\" srcset=\"http:\/\/fundacjapolna.org\/wp-content\/uploads\/2024\/08\/453099009_454510010887435_639960432676706021_n-150x150.jpg 150w, http:\/\/fundacjapolna.org\/wp-content\/uploads\/2024\/08\/453099009_454510010887435_639960432676706021_n-300x300.jpg 300w\" sizes=\"(max-width: 150px) 100vw, 150px\" \/><\/a>\n\t\t\t<\/div><\/figure>\n\t\t<\/div>\n\t\t<\/div>\n\t\t\t\t\t\t<\/div>\n\t\t\t\t<\/div>\n\t\t\t\t\t<\/div>\n\t\t<\/div>\n\t\t\t\t\t<\/div>\n\t\t<\/section>\n\t\t\t\t<\/div>\n\t\t","protected":false},"excerpt":{"rendered":"<p>wiecie muzyki tradycyjnej \u015bpiew, taniec i instrumenty nie istania\u0142y bez siebie nawzajem. Kursanci Uniwersytetu Muzyki Tradycyjnej maj\u0105 okazj\u0119 rozsmakowa\u0107 si\u0119 w rado\u015bci jak\u0105 daje wsp\u00f3lne muzykowanie. Jan Malisz mistrzowsko pokazuje jak sta\u0107 si\u0119 cz\u0119\u015bci\u0105, jak wsp\u00f3\u0142tworzy\u0107 muzyk\u0119 i \u017ce ka\u017cdy z nas mo\u017ce to robi\u0107.Projekt \u201ePodkarpacki Uniwersytet Muzyki Tradycyjnej\u201d jest dofinansowany przez Urz\u0105d Marsza\u0142kowski wojew\u00f3dztwa Podkarpackiego w ramach programu Mecenat [&hellip;]<\/p>\n","protected":false},"author":1,"featured_media":0,"comment_status":"open","ping_status":"open","sticky":false,"template":"","format":"standard","meta":{"footnotes":""},"categories":[8],"tags":[],"class_list":["post-1484","post","type-post","status-publish","format-standard","hentry","category-pumt"],"_links":{"self":[{"href":"https:\/\/fundacjapolna.org\/index.php\/wp-json\/wp\/v2\/posts\/1484","targetHints":{"allow":["GET"]}}],"collection":[{"href":"https:\/\/fundacjapolna.org\/index.php\/wp-json\/wp\/v2\/posts"}],"about":[{"href":"https:\/\/fundacjapolna.org\/index.php\/wp-json\/wp\/v2\/types\/post"}],"author":[{"embeddable":true,"href":"https:\/\/fundacjapolna.org\/index.php\/wp-json\/wp\/v2\/users\/1"}],"replies":[{"embeddable":true,"href":"https:\/\/fundacjapolna.org\/index.php\/wp-json\/wp\/v2\/comments?post=1484"}],"version-history":[{"count":4,"href":"https:\/\/fundacjapolna.org\/index.php\/wp-json\/wp\/v2\/posts\/1484\/revisions"}],"predecessor-version":[{"id":1493,"href":"https:\/\/fundacjapolna.org\/index.php\/wp-json\/wp\/v2\/posts\/1484\/revisions\/1493"}],"wp:attachment":[{"href":"https:\/\/fundacjapolna.org\/index.php\/wp-json\/wp\/v2\/media?parent=1484"}],"wp:term":[{"taxonomy":"category","embeddable":true,"href":"https:\/\/fundacjapolna.org\/index.php\/wp-json\/wp\/v2\/categories?post=1484"},{"taxonomy":"post_tag","embeddable":true,"href":"https:\/\/fundacjapolna.org\/index.php\/wp-json\/wp\/v2\/tags?post=1484"}],"curies":[{"name":"wp","href":"https:\/\/api.w.org\/{rel}","templated":true}]}}