{"id":1477,"date":"2024-07-21T16:15:00","date_gmt":"2024-07-21T14:15:00","guid":{"rendered":"https:\/\/fundacjapolna.org\/?p=1477"},"modified":"2024-08-03T16:22:28","modified_gmt":"2024-08-03T14:22:28","slug":"cykl-zajec-instrumentalnych-z-janem-maliszem","status":"publish","type":"post","link":"https:\/\/fundacjapolna.org\/index.php\/2024\/07\/21\/cykl-zajec-instrumentalnych-z-janem-maliszem\/","title":{"rendered":"Cykl zaj\u0119\u0107 instrumentalnych z Janem Maliszem"},"content":{"rendered":"\t\t<div data-elementor-type=\"wp-post\" data-elementor-id=\"1477\" class=\"elementor elementor-1477\">\n\t\t\t\t\t\t<section class=\"elementor-section elementor-top-section elementor-element elementor-element-3325f4b elementor-section-boxed elementor-section-height-default elementor-section-height-default\" data-id=\"3325f4b\" data-element_type=\"section\" data-e-type=\"section\">\n\t\t\t\t\t\t<div class=\"elementor-container elementor-column-gap-default\">\n\t\t\t\t\t<div class=\"elementor-column elementor-col-100 elementor-top-column elementor-element elementor-element-1674076\" data-id=\"1674076\" data-element_type=\"column\" data-e-type=\"column\">\n\t\t\t<div class=\"elementor-widget-wrap elementor-element-populated\">\n\t\t\t\t\t\t<div class=\"elementor-element elementor-element-9b5d946 elementor-widget elementor-widget-text-editor\" data-id=\"9b5d946\" data-element_type=\"widget\" data-e-type=\"widget\" data-widget_type=\"text-editor.default\">\n\t\t\t\t<div class=\"elementor-widget-container\">\n\t\t\t\t\t\t\t\t\t<div class=\"xdj266r x11i5rnm xat24cr x1mh8g0r x1vvkbs x126k92a\" style=\"margin: 0px; overflow-wrap: break-word; white-space-collapse: preserve; font-family: 'Segoe UI Historic', 'Segoe UI', Helvetica, Arial, sans-serif; color: #050505; font-size: 15px;\"><div dir=\"auto\" style=\"font-family: inherit;\">Trwaj\u0105 spotkania wok\u00f3\u0142 instrument\u00f3w tradycyjnie u\u017cywanych na Podkarpaciu. Prowadzi Jan Malisz.<\/div><\/div><div class=\"x11i5rnm xat24cr x1mh8g0r x1vvkbs xtlvy1s x126k92a\" style=\"margin: 0.5em 0px 0px; overflow-wrap: break-word; white-space-collapse: preserve; font-family: 'Segoe UI Historic', 'Segoe UI', Helvetica, Arial, sans-serif; color: #050505; font-size: 15px;\"><div dir=\"auto\" style=\"font-family: inherit;\">Projekt \u201ePodkarpacki Uniwersytet Muzyki Tradycyjnej\u201d jest dofinansowany przez Urz\u0105d Marsza\u0142kowski wojew\u00f3dztwa Podkarpackiego w ramach programu Mecenat Kulturalny.<\/div><\/div>\t\t\t\t\t\t\t\t<\/div>\n\t\t\t\t<\/div>\n\t\t\t\t\t<\/div>\n\t\t<\/div>\n\t\t\t\t\t<\/div>\n\t\t<\/section>\n\t\t\t\t<section class=\"elementor-section elementor-top-section elementor-element elementor-element-b51416b elementor-section-boxed elementor-section-height-default elementor-section-height-default\" data-id=\"b51416b\" data-element_type=\"section\" data-e-type=\"section\">\n\t\t\t\t\t\t<div class=\"elementor-container elementor-column-gap-default\">\n\t\t\t\t\t<div class=\"elementor-column elementor-col-100 elementor-top-column elementor-element elementor-element-e61442c\" data-id=\"e61442c\" data-element_type=\"column\" data-e-type=\"column\">\n\t\t\t<div class=\"elementor-widget-wrap elementor-element-populated\">\n\t\t\t\t\t\t<div class=\"elementor-element elementor-element-b66c700 elementor-widget elementor-widget-video\" data-id=\"b66c700\" data-element_type=\"widget\" data-e-type=\"widget\" data-settings=\"{&quot;video_type&quot;:&quot;hosted&quot;,&quot;controls&quot;:&quot;yes&quot;}\" data-widget_type=\"video.default\">\n\t\t\t\t<div class=\"elementor-widget-container\">\n\t\t\t\t\t\t\t<div class=\"e-hosted-video elementor-wrapper elementor-open-inline\">\n\t\t\t\t\t<video class=\"elementor-video\" src=\"http:\/\/fundacjapolna.org\/wp-content\/uploads\/2024\/08\/ff900cf9-3d16-4c74-a162-ed4850992f67.mp4\" controls=\"\" preload=\"metadata\" controlsList=\"nodownload\"><\/video>\n\t\t\t\t<\/div>\n\t\t\t\t\t\t<\/div>\n\t\t\t\t<\/div>\n\t\t\t\t\t<\/div>\n\t\t<\/div>\n\t\t\t\t\t<\/div>\n\t\t<\/section>\n\t\t\t\t<\/div>\n\t\t","protected":false},"excerpt":{"rendered":"<p>Trwaj\u0105 spotkania wok\u00f3\u0142 instrument\u00f3w tradycyjnie u\u017cywanych na Podkarpaciu. Prowadzi Jan Malisz.Projekt \u201ePodkarpacki Uniwersytet Muzyki Tradycyjnej\u201d jest dofinansowany przez Urz\u0105d Marsza\u0142kowski wojew\u00f3dztwa Podkarpackiego w ramach programu Mecenat Kulturalny.http:\/\/fundacjapolna.org\/wp-content\/uploads\/2024\/08\/ff900cf9-3d16-4c74-a162-ed4850992f67.mp4<\/p>\n","protected":false},"author":1,"featured_media":0,"comment_status":"open","ping_status":"open","sticky":false,"template":"","format":"standard","meta":{"footnotes":""},"categories":[8],"tags":[],"class_list":["post-1477","post","type-post","status-publish","format-standard","hentry","category-pumt"],"_links":{"self":[{"href":"https:\/\/fundacjapolna.org\/index.php\/wp-json\/wp\/v2\/posts\/1477","targetHints":{"allow":["GET"]}}],"collection":[{"href":"https:\/\/fundacjapolna.org\/index.php\/wp-json\/wp\/v2\/posts"}],"about":[{"href":"https:\/\/fundacjapolna.org\/index.php\/wp-json\/wp\/v2\/types\/post"}],"author":[{"embeddable":true,"href":"https:\/\/fundacjapolna.org\/index.php\/wp-json\/wp\/v2\/users\/1"}],"replies":[{"embeddable":true,"href":"https:\/\/fundacjapolna.org\/index.php\/wp-json\/wp\/v2\/comments?post=1477"}],"version-history":[{"count":4,"href":"https:\/\/fundacjapolna.org\/index.php\/wp-json\/wp\/v2\/posts\/1477\/revisions"}],"predecessor-version":[{"id":1483,"href":"https:\/\/fundacjapolna.org\/index.php\/wp-json\/wp\/v2\/posts\/1477\/revisions\/1483"}],"wp:attachment":[{"href":"https:\/\/fundacjapolna.org\/index.php\/wp-json\/wp\/v2\/media?parent=1477"}],"wp:term":[{"taxonomy":"category","embeddable":true,"href":"https:\/\/fundacjapolna.org\/index.php\/wp-json\/wp\/v2\/categories?post=1477"},{"taxonomy":"post_tag","embeddable":true,"href":"https:\/\/fundacjapolna.org\/index.php\/wp-json\/wp\/v2\/tags?post=1477"}],"curies":[{"name":"wp","href":"https:\/\/api.w.org\/{rel}","templated":true}]}}