{"id":1454,"date":"2024-08-03T15:58:45","date_gmt":"2024-08-03T13:58:45","guid":{"rendered":"https:\/\/fundacjapolna.org\/?p=1454"},"modified":"2024-08-03T16:00:13","modified_gmt":"2024-08-03T14:00:13","slug":"zaczynamy-prace-remontowe-dzieki-wsparciu-proo-5","status":"publish","type":"post","link":"https:\/\/fundacjapolna.org\/index.php\/2024\/08\/03\/zaczynamy-prace-remontowe-dzieki-wsparciu-proo-5\/","title":{"rendered":"Zaczynamy prace remontowe dzi\u0119ki wsparciu PROO 5"},"content":{"rendered":"\t\t<div data-elementor-type=\"wp-post\" data-elementor-id=\"1454\" class=\"elementor elementor-1454\">\n\t\t\t\t\t\t<section class=\"elementor-section elementor-top-section elementor-element elementor-element-6dd7d2a elementor-section-boxed elementor-section-height-default elementor-section-height-default\" data-id=\"6dd7d2a\" data-element_type=\"section\" data-e-type=\"section\">\n\t\t\t\t\t\t<div class=\"elementor-container elementor-column-gap-default\">\n\t\t\t\t\t<div class=\"elementor-column elementor-col-100 elementor-top-column elementor-element elementor-element-b5e62ad\" data-id=\"b5e62ad\" data-element_type=\"column\" data-e-type=\"column\">\n\t\t\t<div class=\"elementor-widget-wrap elementor-element-populated\">\n\t\t\t\t\t\t<div class=\"elementor-element elementor-element-5ae44b1 elementor-widget elementor-widget-text-editor\" data-id=\"5ae44b1\" data-element_type=\"widget\" data-e-type=\"widget\" data-widget_type=\"text-editor.default\">\n\t\t\t\t<div class=\"elementor-widget-container\">\n\t\t\t\t\t\t\t\t\t<div class=\"xdj266r x11i5rnm xat24cr x1mh8g0r x1vvkbs x126k92a\" style=\"white-space-collapse: preserve; margin: 0px; overflow-wrap: break-word; font-family: 'Segoe UI Historic', 'Segoe UI', Helvetica, Arial, sans-serif; color: #050505; font-size: 15px;\"><div dir=\"auto\" style=\"font-family: inherit;\">Trwaj\u0105 prace zwi\u0105zane z uszkodzeniami w naszej jurcie powsta\u0142ymi w wyniku dzia\u0142ania si\u0142 naturalnych <span class=\"html-span xexx8yu x4uap5 x18d9i69 xkhd6sd x1hl2dhg x16tdsg8 x1vvkbs x3nfvp2 x1j61x8r x1fcty0u xdj266r xat24cr xgzva0m xhhsvwb xxymvpz xlup9mm x1kky2od\" style=\"text-align: inherit; overflow-wrap: break-word; padding: 0px; margin: 0px 1px; height: 16px; display: inline-flex; vertical-align: middle; width: 16px; font-family: inherit;\"><img decoding=\"async\" class=\"xz74otr\" style=\"border-width: 0px; border-style: initial; object-fit: fill;\" src=\"https:\/\/static.xx.fbcdn.net\/images\/emoji.php\/v9\/td0\/1\/16\/1f327.png\" alt=\"\ud83c\udf27\ufe0f\" width=\"16\" height=\"16\" \/><\/span> Nasza jurta zyska w ci\u0105gu kilku dni now\u0105 pod\u0142og\u0119. Podj\u0119li\u015bmy decyzj\u0119 o nie usuwaniu starej warstwy. Zamiast tego wysuszyli\u015bmy zmoczone deski i przyst\u0105pili\u015bmy do ich cyklinowania. Na wyr\u00f3wnan\u0105 powierzchni\u0119 przykleimy now\u0105 warstw\u0119 pod\u0142ogi co dodatkowo wzmocni podest jurty <span class=\"html-span xexx8yu x4uap5 x18d9i69 xkhd6sd x1hl2dhg x16tdsg8 x1vvkbs x3nfvp2 x1j61x8r x1fcty0u xdj266r xat24cr xgzva0m xhhsvwb xxymvpz xlup9mm x1kky2od\" style=\"text-align: inherit; overflow-wrap: break-word; padding: 0px; margin: 0px 1px; height: 16px; display: inline-flex; vertical-align: middle; width: 16px; font-family: inherit;\"><img decoding=\"async\" class=\"xz74otr\" style=\"border-width: 0px; border-style: initial; object-fit: fill;\" src=\"https:\/\/static.xx.fbcdn.net\/images\/emoji.php\/v9\/t20\/1\/16\/1f6d6.png\" alt=\"\ud83d\uded6\" width=\"16\" height=\"16\" \/><\/span> <span class=\"html-span xexx8yu x4uap5 x18d9i69 xkhd6sd x1hl2dhg x16tdsg8 x1vvkbs x3nfvp2 x1j61x8r x1fcty0u xdj266r xat24cr xgzva0m xhhsvwb xxymvpz xlup9mm x1kky2od\" style=\"text-align: inherit; overflow-wrap: break-word; padding: 0px; margin: 0px 1px; height: 16px; display: inline-flex; vertical-align: middle; width: 16px; font-family: inherit;\"><img decoding=\"async\" class=\"xz74otr\" style=\"border-width: 0px; border-style: initial; object-fit: fill;\" src=\"https:\/\/static.xx.fbcdn.net\/images\/emoji.php\/v9\/t6c\/1\/16\/1f4aa.png\" alt=\"\ud83d\udcaa\" width=\"16\" height=\"16\" \/><\/span><\/div><\/div><div class=\"x11i5rnm xat24cr x1mh8g0r x1vvkbs xtlvy1s x126k92a\" style=\"white-space-collapse: preserve; margin: 0.5em 0px 0px; overflow-wrap: break-word; font-family: 'Segoe UI Historic', 'Segoe UI', Helvetica, Arial, sans-serif; color: #050505; font-size: 15px;\"><div dir=\"auto\" style=\"font-family: inherit;\">Dzia\u0142anie sfinansowane ze \u015brodk\u00f3w Rz\u0105dowego Programu Rozwoju Organizacji Obywatelskich na lata 2018-2030.<\/div><\/div>\t\t\t\t\t\t\t\t<\/div>\n\t\t\t\t<\/div>\n\t\t\t\t\t<\/div>\n\t\t<\/div>\n\t\t\t\t\t<\/div>\n\t\t<\/section>\n\t\t\t\t<section class=\"elementor-section elementor-top-section elementor-element elementor-element-e5fa7d4 elementor-section-boxed elementor-section-height-default elementor-section-height-default\" data-id=\"e5fa7d4\" data-element_type=\"section\" data-e-type=\"section\">\n\t\t\t\t\t\t<div class=\"elementor-container elementor-column-gap-default\">\n\t\t\t\t\t<div class=\"elementor-column elementor-col-100 elementor-top-column elementor-element elementor-element-4064ec5\" data-id=\"4064ec5\" data-element_type=\"column\" data-e-type=\"column\">\n\t\t\t<div class=\"elementor-widget-wrap elementor-element-populated\">\n\t\t\t\t\t\t<div class=\"elementor-element elementor-element-cb1aa79 elementor-widget elementor-widget-image-gallery\" data-id=\"cb1aa79\" data-element_type=\"widget\" data-e-type=\"widget\" data-widget_type=\"image-gallery.default\">\n\t\t\t\t<div class=\"elementor-widget-container\">\n\t\t\t\t\t\t\t<div class=\"elementor-image-gallery\">\n\t\t\t<div id='gallery-1' class='gallery galleryid-1454 gallery-columns-4 gallery-size-thumbnail'><figure class='gallery-item'>\n\t\t\t<div class='gallery-icon landscape'>\n\t\t\t\t<a data-elementor-open-lightbox=\"yes\" data-elementor-lightbox-slideshow=\"cb1aa79\" data-elementor-lightbox-title=\"453503994_458355347169568_2457645987706723974_n\" data-e-action-hash=\"#elementor-action%3Aaction%3Dlightbox%26settings%3DeyJpZCI6MTQ0NiwidXJsIjoiaHR0cDpcL1wvZnVuZGFjamFwb2xuYS5vcmdcL3dwLWNvbnRlbnRcL3VwbG9hZHNcLzIwMjRcLzA4XC80NTM1MDM5OTRfNDU4MzU1MzQ3MTY5NTY4XzI0NTc2NDU5ODc3MDY3MjM5NzRfbi5qcGciLCJzbGlkZXNob3ciOiJjYjFhYTc5In0%3D\" href='http:\/\/fundacjapolna.org\/wp-content\/uploads\/2024\/08\/453503994_458355347169568_2457645987706723974_n.jpg'><img loading=\"lazy\" decoding=\"async\" width=\"150\" height=\"150\" src=\"http:\/\/fundacjapolna.org\/wp-content\/uploads\/2024\/08\/453503994_458355347169568_2457645987706723974_n-150x150.jpg\" class=\"attachment-thumbnail size-thumbnail\" alt=\"\" srcset=\"http:\/\/fundacjapolna.org\/wp-content\/uploads\/2024\/08\/453503994_458355347169568_2457645987706723974_n-150x150.jpg 150w, http:\/\/fundacjapolna.org\/wp-content\/uploads\/2024\/08\/453503994_458355347169568_2457645987706723974_n-300x300.jpg 300w\" sizes=\"(max-width: 150px) 100vw, 150px\" \/><\/a>\n\t\t\t<\/div><\/figure><figure class='gallery-item'>\n\t\t\t<div class='gallery-icon landscape'>\n\t\t\t\t<a data-elementor-open-lightbox=\"yes\" data-elementor-lightbox-slideshow=\"cb1aa79\" data-elementor-lightbox-title=\"453603825_458355430502893_3934048965973566310_n\" data-e-action-hash=\"#elementor-action%3Aaction%3Dlightbox%26settings%3DeyJpZCI6MTQ0NywidXJsIjoiaHR0cDpcL1wvZnVuZGFjamFwb2xuYS5vcmdcL3dwLWNvbnRlbnRcL3VwbG9hZHNcLzIwMjRcLzA4XC80NTM2MDM4MjVfNDU4MzU1NDMwNTAyODkzXzM5MzQwNDg5NjU5NzM1NjYzMTBfbi5qcGciLCJzbGlkZXNob3ciOiJjYjFhYTc5In0%3D\" href='http:\/\/fundacjapolna.org\/wp-content\/uploads\/2024\/08\/453603825_458355430502893_3934048965973566310_n.jpg'><img loading=\"lazy\" decoding=\"async\" width=\"150\" height=\"150\" src=\"http:\/\/fundacjapolna.org\/wp-content\/uploads\/2024\/08\/453603825_458355430502893_3934048965973566310_n-150x150.jpg\" class=\"attachment-thumbnail size-thumbnail\" alt=\"\" srcset=\"http:\/\/fundacjapolna.org\/wp-content\/uploads\/2024\/08\/453603825_458355430502893_3934048965973566310_n-150x150.jpg 150w, http:\/\/fundacjapolna.org\/wp-content\/uploads\/2024\/08\/453603825_458355430502893_3934048965973566310_n-300x300.jpg 300w\" sizes=\"(max-width: 150px) 100vw, 150px\" \/><\/a>\n\t\t\t<\/div><\/figure><figure class='gallery-item'>\n\t\t\t<div class='gallery-icon landscape'>\n\t\t\t\t<a data-elementor-open-lightbox=\"yes\" data-elementor-lightbox-slideshow=\"cb1aa79\" data-elementor-lightbox-title=\"453406184_458355370502899_843319467364842723_n\" data-e-action-hash=\"#elementor-action%3Aaction%3Dlightbox%26settings%3DeyJpZCI6MTQ0NSwidXJsIjoiaHR0cDpcL1wvZnVuZGFjamFwb2xuYS5vcmdcL3dwLWNvbnRlbnRcL3VwbG9hZHNcLzIwMjRcLzA4XC80NTM0MDYxODRfNDU4MzU1MzcwNTAyODk5Xzg0MzMxOTQ2NzM2NDg0MjcyM19uLmpwZyIsInNsaWRlc2hvdyI6ImNiMWFhNzkifQ%3D%3D\" href='http:\/\/fundacjapolna.org\/wp-content\/uploads\/2024\/08\/453406184_458355370502899_843319467364842723_n.jpg'><img loading=\"lazy\" decoding=\"async\" width=\"150\" height=\"150\" src=\"http:\/\/fundacjapolna.org\/wp-content\/uploads\/2024\/08\/453406184_458355370502899_843319467364842723_n-150x150.jpg\" class=\"attachment-thumbnail size-thumbnail\" alt=\"\" srcset=\"http:\/\/fundacjapolna.org\/wp-content\/uploads\/2024\/08\/453406184_458355370502899_843319467364842723_n-150x150.jpg 150w, http:\/\/fundacjapolna.org\/wp-content\/uploads\/2024\/08\/453406184_458355370502899_843319467364842723_n-300x300.jpg 300w\" sizes=\"(max-width: 150px) 100vw, 150px\" \/><\/a>\n\t\t\t<\/div><\/figure>\n\t\t<\/div>\n\t\t<\/div>\n\t\t\t\t\t\t<\/div>\n\t\t\t\t<\/div>\n\t\t\t\t\t<\/div>\n\t\t<\/div>\n\t\t\t\t\t<\/div>\n\t\t<\/section>\n\t\t\t\t<\/div>\n\t\t","protected":false},"excerpt":{"rendered":"<p>Trwaj\u0105 prace zwi\u0105zane z uszkodzeniami w naszej jurcie powsta\u0142ymi w wyniku dzia\u0142ania si\u0142 naturalnych Nasza jurta zyska w ci\u0105gu kilku dni now\u0105 pod\u0142og\u0119. Podj\u0119li\u015bmy decyzj\u0119 o nie usuwaniu starej warstwy. Zamiast tego wysuszyli\u015bmy zmoczone deski i przyst\u0105pili\u015bmy do ich cyklinowania. Na wyr\u00f3wnan\u0105 powierzchni\u0119 przykleimy now\u0105 warstw\u0119 pod\u0142ogi co dodatkowo wzmocni podest jurty Dzia\u0142anie sfinansowane ze \u015brodk\u00f3w Rz\u0105dowego Programu Rozwoju Organizacji [&hellip;]<\/p>\n","protected":false},"author":1,"featured_media":1076,"comment_status":"open","ping_status":"open","sticky":false,"template":"","format":"standard","meta":{"footnotes":""},"categories":[10],"tags":[],"class_list":["post-1454","post","type-post","status-publish","format-standard","has-post-thumbnail","hentry","category-proo5"],"_links":{"self":[{"href":"https:\/\/fundacjapolna.org\/index.php\/wp-json\/wp\/v2\/posts\/1454","targetHints":{"allow":["GET"]}}],"collection":[{"href":"https:\/\/fundacjapolna.org\/index.php\/wp-json\/wp\/v2\/posts"}],"about":[{"href":"https:\/\/fundacjapolna.org\/index.php\/wp-json\/wp\/v2\/types\/post"}],"author":[{"embeddable":true,"href":"https:\/\/fundacjapolna.org\/index.php\/wp-json\/wp\/v2\/users\/1"}],"replies":[{"embeddable":true,"href":"https:\/\/fundacjapolna.org\/index.php\/wp-json\/wp\/v2\/comments?post=1454"}],"version-history":[{"count":4,"href":"https:\/\/fundacjapolna.org\/index.php\/wp-json\/wp\/v2\/posts\/1454\/revisions"}],"predecessor-version":[{"id":1458,"href":"https:\/\/fundacjapolna.org\/index.php\/wp-json\/wp\/v2\/posts\/1454\/revisions\/1458"}],"wp:featuredmedia":[{"embeddable":true,"href":"https:\/\/fundacjapolna.org\/index.php\/wp-json\/wp\/v2\/media\/1076"}],"wp:attachment":[{"href":"https:\/\/fundacjapolna.org\/index.php\/wp-json\/wp\/v2\/media?parent=1454"}],"wp:term":[{"taxonomy":"category","embeddable":true,"href":"https:\/\/fundacjapolna.org\/index.php\/wp-json\/wp\/v2\/categories?post=1454"},{"taxonomy":"post_tag","embeddable":true,"href":"https:\/\/fundacjapolna.org\/index.php\/wp-json\/wp\/v2\/tags?post=1454"}],"curies":[{"name":"wp","href":"https:\/\/api.w.org\/{rel}","templated":true}]}}