{"id":1163,"date":"2024-01-15T16:22:34","date_gmt":"2024-01-15T15:22:34","guid":{"rendered":"https:\/\/fundacjapolna.org\/?p=1163"},"modified":"2024-07-17T12:52:33","modified_gmt":"2024-07-17T10:52:33","slug":"zapisz-sie-na-wyprawe-do-serca-lasu","status":"publish","type":"post","link":"https:\/\/fundacjapolna.org\/index.php\/2024\/01\/15\/zapisz-sie-na-wyprawe-do-serca-lasu\/","title":{"rendered":"Zapisz si\u0119 na Wypraw\u0119 do Serca Lasu"},"content":{"rendered":"\t\t<div data-elementor-type=\"wp-post\" data-elementor-id=\"1163\" class=\"elementor elementor-1163\">\n\t\t\t\t\t\t<section class=\"elementor-section elementor-top-section elementor-element elementor-element-6c7582b elementor-section-boxed elementor-section-height-default elementor-section-height-default\" data-id=\"6c7582b\" data-element_type=\"section\" data-e-type=\"section\">\n\t\t\t\t\t\t<div class=\"elementor-container elementor-column-gap-default\">\n\t\t\t\t\t<div class=\"elementor-column elementor-col-100 elementor-top-column elementor-element elementor-element-a72621c\" data-id=\"a72621c\" data-element_type=\"column\" data-e-type=\"column\">\n\t\t\t<div class=\"elementor-widget-wrap elementor-element-populated\">\n\t\t\t\t\t\t<div class=\"elementor-element elementor-element-282cfe6 elementor-widget elementor-widget-image\" data-id=\"282cfe6\" data-element_type=\"widget\" data-e-type=\"widget\" data-widget_type=\"image.default\">\n\t\t\t\t<div class=\"elementor-widget-container\">\n\t\t\t\t\t\t\t\t\t\t\t\t\t\t\t<img fetchpriority=\"high\" decoding=\"async\" width=\"640\" height=\"224\" src=\"http:\/\/fundacjapolna.org\/wp-content\/uploads\/2023\/09\/Active-citizens-fund@4x-1024x359.png\" class=\"attachment-large size-large wp-image-937\" alt=\"\" srcset=\"http:\/\/fundacjapolna.org\/wp-content\/uploads\/2023\/09\/Active-citizens-fund@4x-1024x359.png 1024w, http:\/\/fundacjapolna.org\/wp-content\/uploads\/2023\/09\/Active-citizens-fund@4x-e1712241010426.png 300w, http:\/\/fundacjapolna.org\/wp-content\/uploads\/2023\/09\/Active-citizens-fund@4x-768x270.png 768w, http:\/\/fundacjapolna.org\/wp-content\/uploads\/2023\/09\/Active-citizens-fund@4x-1536x539.png 1536w, http:\/\/fundacjapolna.org\/wp-content\/uploads\/2023\/09\/Active-citizens-fund@4x-2048x719.png 2048w\" sizes=\"(max-width: 640px) 100vw, 640px\" \/>\t\t\t\t\t\t\t\t\t\t\t\t\t\t\t<\/div>\n\t\t\t\t<\/div>\n\t\t\t\t<div class=\"elementor-element elementor-element-f273dde elementor-widget elementor-widget-text-editor\" data-id=\"f273dde\" data-element_type=\"widget\" data-e-type=\"widget\" data-widget_type=\"text-editor.default\">\n\t\t\t\t<div class=\"elementor-widget-container\">\n\t\t\t\t\t\t\t\t\t<div class=\"xdj266r x11i5rnm xat24cr x1mh8g0r x1vvkbs\">Fundacja Polna przedstawia:<br \/>Wyprawa do Serca Lasu- edycja zimowa\u00a0<span class=\"x3nfvp2 x1j61x8r x1fcty0u xdj266r xhhsvwb xat24cr xgzva0m xxymvpz xlup9mm x1kky2od\"><img decoding=\"async\" class=\"xz74otr\" src=\"https:\/\/static.xx.fbcdn.net\/images\/emoji.php\/v9\/t6c\/1\/16\/2764.png\" alt=\"\u2764\ufe0f\" width=\"16\" height=\"16\" \/><\/span><br \/>\u2014\u2014\u2014\u2014ZAPISY DO 1.02\u2014\u2014\u2014\u2014<\/div><div class=\"x11i5rnm xat24cr x1mh8g0r x1vvkbs xtlvy1s\">O czym to jest? Wyrwij si\u0119 na chwil\u0119 z p\u0119du \u017cycia, zresetuj, wycisz w przyrodzie, sp\u0119d\u017a rado\u015bnie czas w\u015br\u00f3d fajnych ludzi, zanurkuj w siebie po inspiracj\u0119, odkryj swoje unikatowe dary i zaplanuj jak wyj\u015b\u0107 z nimi do \u015bwiata. My b\u0119dziemy dmucha\u0107 Ci w skrzyd\u0142a!<br \/>10-15 lutego 2024r., Czermna k. Jas\u0142a.<br \/>Koszt: za darmo!<br \/>Zakwaterowanie w warunkach schroniskowych (drewniana, ciep\u0142a chatka z kominkiem, nocleg w zbiorowej sali na drewnianej pod\u0142odze).<br \/>Wsp\u00f3lne gotowanie. Zapewniamy wy\u017cywienie. Preferencje dotycz\u0105ce diety prosimy zg\u0142asza\u0107.<br \/>Ilo\u015b\u0107 miejsc: 8.<br \/>Wiek: 18-30 lat<br \/>Zapewniamy ubezpieczenie NNW.<br \/>Zg\u0142oszenia: kontakt@fundacjapolna.org , 733894578, Messenger &#8211; Fundacja Polna.<\/div><div class=\"x11i5rnm xat24cr x1mh8g0r x1vvkbs xtlvy1s\">Plan:<br \/>10.02 czas na dojazd, wprowadzenie, integracj\u0119.<br \/>11.02-14.02 dni wype\u0142nione wyj\u015bciami w teren, grami, ogniskami, prac\u0105 indywidualn\u0105 i grupow\u0105 nad wybranymi zagadnieniami z zakresu rozwoju osobistego, rozmowami, wieczorami wsp\u00f3lne muzykowanie.<br \/>15.02 podsumowanie, sprz\u0105tanie, powroty.<\/div><div class=\"x11i5rnm xat24cr x1mh8g0r x1vvkbs xtlvy1s\">Co trzeba mie\u0107?<br \/>Ciep\u0142\u0105 bielizn\u0119, ciep\u0142\u0105 nieprzemakaln\u0105 odzie\u017c (np. narciarsk\u0105), buty na \u015bnieg i b\u0142oto, latark\u0119, notatnik, d\u0142ugopis, przybory higieniczne, kubek, mena\u017ck\u0119, plecak.<br \/>Zaopatrujemy w \u015bpiw\u00f3r i karimat\u0119 na czas wyprawy.<br \/>Czego nie bra\u0107?<br \/>Komputera, g\u0142o\u015bnik\u00f3w, elektroniki, u\u017cywek.<br \/>Pe\u0142na lista rzeczy potrzebnych i niepotrzebnych w wiadomo\u015bci prywatnej dla zainteresowanych.\u00a0<span class=\"x3nfvp2 x1j61x8r x1fcty0u xdj266r xhhsvwb xat24cr xgzva0m xxymvpz xlup9mm x1kky2od\"><img decoding=\"async\" class=\"xz74otr\" src=\"https:\/\/static.xx.fbcdn.net\/images\/emoji.php\/v9\/t57\/1\/16\/1f609.png\" alt=\"\ud83d\ude09\" width=\"16\" height=\"16\" \/><\/span><\/div><div class=\"x11i5rnm xat24cr x1mh8g0r x1vvkbs xtlvy1s\">Wo\u0142a Ci\u0119? Napisz do nas od razu!\u00a0<span class=\"x3nfvp2 x1j61x8r x1fcty0u xdj266r xhhsvwb xat24cr xgzva0m xxymvpz xlup9mm x1kky2od\"><img loading=\"lazy\" decoding=\"async\" class=\"xz74otr\" src=\"https:\/\/static.xx.fbcdn.net\/images\/emoji.php\/v9\/t4f\/1\/16\/1f601.png\" alt=\"\ud83d\ude01\" width=\"16\" height=\"16\" \/><\/span><\/div><div class=\"x11i5rnm xat24cr x1mh8g0r x1vvkbs xtlvy1s\"><br \/>Projekt finansowany z Funduszy Norweskich w ramach<br \/>Programu Aktywni Obywatele \u2013 Fundusz Regionalny<\/div>\t\t\t\t\t\t\t\t<\/div>\n\t\t\t\t<\/div>\n\t\t\t\t\t<\/div>\n\t\t<\/div>\n\t\t\t\t\t<\/div>\n\t\t<\/section>\n\t\t\t\t<\/div>\n\t\t","protected":false},"excerpt":{"rendered":"<p>Fundacja Polna przedstawia:Wyprawa do Serca Lasu- edycja zimowa\u00a0\u2014\u2014\u2014\u2014ZAPISY DO 1.02\u2014\u2014\u2014\u2014O czym to jest? Wyrwij si\u0119 na chwil\u0119 z p\u0119du \u017cycia, zresetuj, wycisz w przyrodzie, sp\u0119d\u017a rado\u015bnie czas w\u015br\u00f3d fajnych ludzi, zanurkuj w siebie po inspiracj\u0119, odkryj swoje unikatowe dary i zaplanuj jak wyj\u015b\u0107 z nimi do \u015bwiata. My b\u0119dziemy dmucha\u0107 Ci w skrzyd\u0142a!10-15 lutego 2024r., Czermna k. Jas\u0142a.Koszt: za darmo!Zakwaterowanie [&hellip;]<\/p>\n","protected":false},"author":1,"featured_media":0,"comment_status":"open","ping_status":"open","sticky":false,"template":"","format":"standard","meta":{"footnotes":""},"categories":[7],"tags":[],"class_list":["post-1163","post","type-post","status-publish","format-standard","hentry","category-mikrogranty-aofr"],"_links":{"self":[{"href":"https:\/\/fundacjapolna.org\/index.php\/wp-json\/wp\/v2\/posts\/1163","targetHints":{"allow":["GET"]}}],"collection":[{"href":"https:\/\/fundacjapolna.org\/index.php\/wp-json\/wp\/v2\/posts"}],"about":[{"href":"https:\/\/fundacjapolna.org\/index.php\/wp-json\/wp\/v2\/types\/post"}],"author":[{"embeddable":true,"href":"https:\/\/fundacjapolna.org\/index.php\/wp-json\/wp\/v2\/users\/1"}],"replies":[{"embeddable":true,"href":"https:\/\/fundacjapolna.org\/index.php\/wp-json\/wp\/v2\/comments?post=1163"}],"version-history":[{"count":7,"href":"https:\/\/fundacjapolna.org\/index.php\/wp-json\/wp\/v2\/posts\/1163\/revisions"}],"predecessor-version":[{"id":1437,"href":"https:\/\/fundacjapolna.org\/index.php\/wp-json\/wp\/v2\/posts\/1163\/revisions\/1437"}],"wp:attachment":[{"href":"https:\/\/fundacjapolna.org\/index.php\/wp-json\/wp\/v2\/media?parent=1163"}],"wp:term":[{"taxonomy":"category","embeddable":true,"href":"https:\/\/fundacjapolna.org\/index.php\/wp-json\/wp\/v2\/categories?post=1163"},{"taxonomy":"post_tag","embeddable":true,"href":"https:\/\/fundacjapolna.org\/index.php\/wp-json\/wp\/v2\/tags?post=1163"}],"curies":[{"name":"wp","href":"https:\/\/api.w.org\/{rel}","templated":true}]}}